{"id":1911,"date":"2019-05-31T14:44:42","date_gmt":"2019-05-31T12:44:42","guid":{"rendered":"http:\/\/www.aarenson.hu\/?p=1911"},"modified":"2019-07-14T15:30:15","modified_gmt":"2019-07-14T13:30:15","slug":"nem-vagynak-pozitiv-diszkriminaciora-csak-a-szakertelem-elismeresere","status":"publish","type":"post","link":"https:\/\/www.aarenson.hu\/en\/magyar-nem-vagynak-pozitiv-diszkriminaciora-csak-a-szakertelem-elismeresere\/","title":{"rendered":"(Magyar) Nem v\u00e1gynak pozit\u00edv diszkrimin\u00e1ci\u00f3ra, csak a szak\u00e9rtelem elismer\u00e9s\u00e9re"},"content":{"rendered":"<p class=\"qtranxs-available-languages-message qtranxs-available-languages-message-en\">Sorry, this entry is only available in <a href=\"https:\/\/www.aarenson.hu\/hu\/wp-json\/wp\/v2\/posts\/1911\" class=\"qtranxs-available-language-link qtranxs-available-language-link-hu\" title=\"Magyar\">Magyar<\/a>.<\/p>","protected":false},"excerpt":{"rendered":"<p>Sorry, this entry is only available in Magyar.<\/p>\n","protected":false},"author":2,"featured_media":0,"comment_status":"open","ping_status":"open","sticky":false,"template":"","format":"standard","meta":{"footnotes":""},"categories":[7],"tags":[13,15,14],"class_list":["post-1911","post","type-post","status-publish","format-standard","hentry","category-blogbejegyzesek","tag-munkaero","tag-munkaero-toborzas","tag-tavmunka"],"yoast_head":"<!-- This site is optimized with the Yoast SEO Premium plugin v26.7 (Yoast SEO v26.7) - https:\/\/yoast.com\/wordpress\/plugins\/seo\/ -->\n<title>Nem v\u00e1gynak pozit\u00edv diszkrimin\u00e1ci\u00f3ra, csak... | Aarenson<\/title>\n<meta name=\"description\" content=\"Nem v\u00e1gynak pozit\u00edv diszkrimin\u00e1ci\u00f3ra, csak a szak\u00e9rtelem elismer\u00e9s\u00e9re - avagy n\u0151k a tech-c\u00e9gekn\u00e9l. Vallom\u00e1sok egy szakmai f\u00f3rumon.\" \/>\n<meta name=\"robots\" content=\"index, follow, max-snippet:-1, max-image-preview:large, max-video-preview:-1\" \/>\n<link rel=\"canonical\" href=\"https:\/\/www.aarenson.hu\/en\/magyar-nem-vagynak-pozitiv-diszkriminaciora-csak-a-szakertelem-elismeresere\/\" \/>\n<meta property=\"og:locale\" content=\"en_US\" \/>\n<meta property=\"og:type\" content=\"article\" \/>\n<meta property=\"og:title\" content=\"(Magyar) Nem v\u00e1gynak pozit\u00edv diszkrimin\u00e1ci\u00f3ra, csak a szak\u00e9rtelem elismer\u00e9s\u00e9re\" \/>\n<meta property=\"og:description\" content=\"Nem v\u00e1gynak pozit\u00edv diszkrimin\u00e1ci\u00f3ra, csak a szak\u00e9rtelem elismer\u00e9s\u00e9re - avagy n\u0151k a tech-c\u00e9gekn\u00e9l. Vallom\u00e1sok egy szakmai f\u00f3rumon.\" \/>\n<meta property=\"og:url\" content=\"https:\/\/www.aarenson.hu\/en\/magyar-nem-vagynak-pozitiv-diszkriminaciora-csak-a-szakertelem-elismeresere\/\" \/>\n<meta property=\"og:site_name\" content=\"Aarenson\" \/>\n<meta property=\"article:publisher\" content=\"https:\/\/www.facebook.com\/aarenson.consulting\/\" \/>\n<meta property=\"article:published_time\" content=\"2019-05-31T12:44:42+00:00\" \/>\n<meta property=\"article:modified_time\" content=\"2019-07-14T13:30:15+00:00\" \/>\n<meta property=\"og:image\" content=\"http:\/\/www.aarenson.hu\/wp-content\/uploads\/2019\/05\/balogh_mazimaria.jpg\" \/>\n<meta name=\"author\" content=\"zoli\" \/>\n<meta name=\"twitter:card\" content=\"summary_large_image\" \/>\n<meta name=\"twitter:label1\" content=\"Written by\" \/>\n\t<meta name=\"twitter:data1\" content=\"zoli\" \/>\n\t<meta name=\"twitter:label2\" content=\"Est. reading time\" \/>\n\t<meta name=\"twitter:data2\" content=\"6 minutes\" \/>\n<script type=\"application\/ld+json\" class=\"yoast-schema-graph\">{\"@context\":\"https:\/\/schema.org\",\"@graph\":[{\"@type\":\"Article\",\"@id\":\"https:\/\/www.aarenson.hu\/en\/magyar-nem-vagynak-pozitiv-diszkriminaciora-csak-a-szakertelem-elismeresere\/#article\",\"isPartOf\":{\"@id\":\"https:\/\/www.aarenson.hu\/en\/magyar-nem-vagynak-pozitiv-diszkriminaciora-csak-a-szakertelem-elismeresere\/\"},\"author\":{\"name\":\"zoli\",\"@id\":\"https:\/\/www.aarenson.hu\/#\/schema\/person\/04e4f45b74c5573a4ea4ffaaa95ca1c6\"},\"headline\":\"(Magyar) Nem v\u00e1gynak pozit\u00edv diszkrimin\u00e1ci\u00f3ra, csak a szak\u00e9rtelem elismer\u00e9s\u00e9re\",\"datePublished\":\"2019-05-31T12:44:42+00:00\",\"dateModified\":\"2019-07-14T13:30:15+00:00\",\"mainEntityOfPage\":{\"@id\":\"https:\/\/www.aarenson.hu\/en\/magyar-nem-vagynak-pozitiv-diszkriminaciora-csak-a-szakertelem-elismeresere\/\"},\"wordCount\":1198,\"commentCount\":0,\"image\":{\"@id\":\"https:\/\/www.aarenson.hu\/en\/magyar-nem-vagynak-pozitiv-diszkriminaciora-csak-a-szakertelem-elismeresere\/#primaryimage\"},\"thumbnailUrl\":\"http:\/\/www.aarenson.hu\/wp-content\/uploads\/2019\/05\/balogh_mazimaria.jpg\",\"keywords\":[\"munkaer\u0151\",\"munkaer\u0151 toborz\u00e1s\",\"t\u00e1vmunka\"],\"articleSection\":[\"Blogbejegyz\u00e9sek\"],\"inLanguage\":\"en-US\",\"potentialAction\":[{\"@type\":\"CommentAction\",\"name\":\"Comment\",\"target\":[\"https:\/\/www.aarenson.hu\/en\/magyar-nem-vagynak-pozitiv-diszkriminaciora-csak-a-szakertelem-elismeresere\/#respond\"]}]},{\"@type\":\"WebPage\",\"@id\":\"https:\/\/www.aarenson.hu\/en\/magyar-nem-vagynak-pozitiv-diszkriminaciora-csak-a-szakertelem-elismeresere\/\",\"url\":\"https:\/\/www.aarenson.hu\/en\/magyar-nem-vagynak-pozitiv-diszkriminaciora-csak-a-szakertelem-elismeresere\/\",\"name\":\"Nem v\u00e1gynak pozit\u00edv diszkrimin\u00e1ci\u00f3ra, csak... | Aarenson\",\"isPartOf\":{\"@id\":\"https:\/\/www.aarenson.hu\/#website\"},\"primaryImageOfPage\":{\"@id\":\"https:\/\/www.aarenson.hu\/en\/magyar-nem-vagynak-pozitiv-diszkriminaciora-csak-a-szakertelem-elismeresere\/#primaryimage\"},\"image\":{\"@id\":\"https:\/\/www.aarenson.hu\/en\/magyar-nem-vagynak-pozitiv-diszkriminaciora-csak-a-szakertelem-elismeresere\/#primaryimage\"},\"thumbnailUrl\":\"http:\/\/www.aarenson.hu\/wp-content\/uploads\/2019\/05\/balogh_mazimaria.jpg\",\"datePublished\":\"2019-05-31T12:44:42+00:00\",\"dateModified\":\"2019-07-14T13:30:15+00:00\",\"author\":{\"@id\":\"https:\/\/www.aarenson.hu\/#\/schema\/person\/04e4f45b74c5573a4ea4ffaaa95ca1c6\"},\"description\":\"Nem v\u00e1gynak pozit\u00edv diszkrimin\u00e1ci\u00f3ra, csak a szak\u00e9rtelem elismer\u00e9s\u00e9re - avagy n\u0151k a tech-c\u00e9gekn\u00e9l. Vallom\u00e1sok egy szakmai f\u00f3rumon.\",\"breadcrumb\":{\"@id\":\"https:\/\/www.aarenson.hu\/en\/magyar-nem-vagynak-pozitiv-diszkriminaciora-csak-a-szakertelem-elismeresere\/#breadcrumb\"},\"inLanguage\":\"en-US\",\"potentialAction\":[{\"@type\":\"ReadAction\",\"target\":[\"https:\/\/www.aarenson.hu\/en\/magyar-nem-vagynak-pozitiv-diszkriminaciora-csak-a-szakertelem-elismeresere\/\"]}]},{\"@type\":\"ImageObject\",\"inLanguage\":\"en-US\",\"@id\":\"https:\/\/www.aarenson.hu\/en\/magyar-nem-vagynak-pozitiv-diszkriminaciora-csak-a-szakertelem-elismeresere\/#primaryimage\",\"url\":\"http:\/\/www.aarenson.hu\/wp-content\/uploads\/2019\/05\/balogh_mazimaria.jpg\",\"contentUrl\":\"http:\/\/www.aarenson.hu\/wp-content\/uploads\/2019\/05\/balogh_mazimaria.jpg\"},{\"@type\":\"BreadcrumbList\",\"@id\":\"https:\/\/www.aarenson.hu\/en\/magyar-nem-vagynak-pozitiv-diszkriminaciora-csak-a-szakertelem-elismeresere\/#breadcrumb\",\"itemListElement\":[{\"@type\":\"ListItem\",\"position\":1,\"name\":\"Home\",\"item\":\"https:\/\/www.aarenson.hu\/\"},{\"@type\":\"ListItem\",\"position\":2,\"name\":\"(Magyar) Nem v\u00e1gynak pozit\u00edv diszkrimin\u00e1ci\u00f3ra, csak a szak\u00e9rtelem elismer\u00e9s\u00e9re\"}]},{\"@type\":\"WebSite\",\"@id\":\"https:\/\/www.aarenson.hu\/#website\",\"url\":\"https:\/\/www.aarenson.hu\/\",\"name\":\"Aarenson\",\"description\":\"\",\"potentialAction\":[{\"@type\":\"SearchAction\",\"target\":{\"@type\":\"EntryPoint\",\"urlTemplate\":\"https:\/\/www.aarenson.hu\/?s={search_term_string}\"},\"query-input\":{\"@type\":\"PropertyValueSpecification\",\"valueRequired\":true,\"valueName\":\"search_term_string\"}}],\"inLanguage\":\"en-US\"},{\"@type\":\"Person\",\"@id\":\"https:\/\/www.aarenson.hu\/#\/schema\/person\/04e4f45b74c5573a4ea4ffaaa95ca1c6\",\"name\":\"zoli\",\"image\":{\"@type\":\"ImageObject\",\"inLanguage\":\"en-US\",\"@id\":\"https:\/\/www.aarenson.hu\/#\/schema\/person\/image\/\",\"url\":\"https:\/\/secure.gravatar.com\/avatar\/0e6ca20d21dd38eca5ed1cb42bbcdd40124bac75e24e2f762b546b175f938656?s=96&d=mm&r=g\",\"contentUrl\":\"https:\/\/secure.gravatar.com\/avatar\/0e6ca20d21dd38eca5ed1cb42bbcdd40124bac75e24e2f762b546b175f938656?s=96&d=mm&r=g\",\"caption\":\"zoli\"}}]}<\/script>\n<!-- \/ Yoast SEO Premium plugin. -->","yoast_head_json":{"title":"Nem v\u00e1gynak pozit\u00edv diszkrimin\u00e1ci\u00f3ra, csak... | Aarenson","description":"Nem v\u00e1gynak pozit\u00edv diszkrimin\u00e1ci\u00f3ra, csak a szak\u00e9rtelem elismer\u00e9s\u00e9re - avagy n\u0151k a tech-c\u00e9gekn\u00e9l. Vallom\u00e1sok egy szakmai f\u00f3rumon.","robots":{"index":"index","follow":"follow","max-snippet":"max-snippet:-1","max-image-preview":"max-image-preview:large","max-video-preview":"max-video-preview:-1"},"canonical":"https:\/\/www.aarenson.hu\/en\/magyar-nem-vagynak-pozitiv-diszkriminaciora-csak-a-szakertelem-elismeresere\/","og_locale":"en_US","og_type":"article","og_title":"(Magyar) Nem v\u00e1gynak pozit\u00edv diszkrimin\u00e1ci\u00f3ra, csak a szak\u00e9rtelem elismer\u00e9s\u00e9re","og_description":"Nem v\u00e1gynak pozit\u00edv diszkrimin\u00e1ci\u00f3ra, csak a szak\u00e9rtelem elismer\u00e9s\u00e9re - avagy n\u0151k a tech-c\u00e9gekn\u00e9l. Vallom\u00e1sok egy szakmai f\u00f3rumon.","og_url":"https:\/\/www.aarenson.hu\/en\/magyar-nem-vagynak-pozitiv-diszkriminaciora-csak-a-szakertelem-elismeresere\/","og_site_name":"Aarenson","article_publisher":"https:\/\/www.facebook.com\/aarenson.consulting\/","article_published_time":"2019-05-31T12:44:42+00:00","article_modified_time":"2019-07-14T13:30:15+00:00","og_image":[{"url":"http:\/\/www.aarenson.hu\/wp-content\/uploads\/2019\/05\/balogh_mazimaria.jpg","type":"","width":"","height":""}],"author":"zoli","twitter_card":"summary_large_image","twitter_misc":{"Written by":"zoli","Est. reading time":"6 minutes"},"schema":{"@context":"https:\/\/schema.org","@graph":[{"@type":"Article","@id":"https:\/\/www.aarenson.hu\/en\/magyar-nem-vagynak-pozitiv-diszkriminaciora-csak-a-szakertelem-elismeresere\/#article","isPartOf":{"@id":"https:\/\/www.aarenson.hu\/en\/magyar-nem-vagynak-pozitiv-diszkriminaciora-csak-a-szakertelem-elismeresere\/"},"author":{"name":"zoli","@id":"https:\/\/www.aarenson.hu\/#\/schema\/person\/04e4f45b74c5573a4ea4ffaaa95ca1c6"},"headline":"(Magyar) Nem v\u00e1gynak pozit\u00edv diszkrimin\u00e1ci\u00f3ra, csak a szak\u00e9rtelem elismer\u00e9s\u00e9re","datePublished":"2019-05-31T12:44:42+00:00","dateModified":"2019-07-14T13:30:15+00:00","mainEntityOfPage":{"@id":"https:\/\/www.aarenson.hu\/en\/magyar-nem-vagynak-pozitiv-diszkriminaciora-csak-a-szakertelem-elismeresere\/"},"wordCount":1198,"commentCount":0,"image":{"@id":"https:\/\/www.aarenson.hu\/en\/magyar-nem-vagynak-pozitiv-diszkriminaciora-csak-a-szakertelem-elismeresere\/#primaryimage"},"thumbnailUrl":"http:\/\/www.aarenson.hu\/wp-content\/uploads\/2019\/05\/balogh_mazimaria.jpg","keywords":["munkaer\u0151","munkaer\u0151 toborz\u00e1s","t\u00e1vmunka"],"articleSection":["Blogbejegyz\u00e9sek"],"inLanguage":"en-US","potentialAction":[{"@type":"CommentAction","name":"Comment","target":["https:\/\/www.aarenson.hu\/en\/magyar-nem-vagynak-pozitiv-diszkriminaciora-csak-a-szakertelem-elismeresere\/#respond"]}]},{"@type":"WebPage","@id":"https:\/\/www.aarenson.hu\/en\/magyar-nem-vagynak-pozitiv-diszkriminaciora-csak-a-szakertelem-elismeresere\/","url":"https:\/\/www.aarenson.hu\/en\/magyar-nem-vagynak-pozitiv-diszkriminaciora-csak-a-szakertelem-elismeresere\/","name":"Nem v\u00e1gynak pozit\u00edv diszkrimin\u00e1ci\u00f3ra, csak... | Aarenson","isPartOf":{"@id":"https:\/\/www.aarenson.hu\/#website"},"primaryImageOfPage":{"@id":"https:\/\/www.aarenson.hu\/en\/magyar-nem-vagynak-pozitiv-diszkriminaciora-csak-a-szakertelem-elismeresere\/#primaryimage"},"image":{"@id":"https:\/\/www.aarenson.hu\/en\/magyar-nem-vagynak-pozitiv-diszkriminaciora-csak-a-szakertelem-elismeresere\/#primaryimage"},"thumbnailUrl":"http:\/\/www.aarenson.hu\/wp-content\/uploads\/2019\/05\/balogh_mazimaria.jpg","datePublished":"2019-05-31T12:44:42+00:00","dateModified":"2019-07-14T13:30:15+00:00","author":{"@id":"https:\/\/www.aarenson.hu\/#\/schema\/person\/04e4f45b74c5573a4ea4ffaaa95ca1c6"},"description":"Nem v\u00e1gynak pozit\u00edv diszkrimin\u00e1ci\u00f3ra, csak a szak\u00e9rtelem elismer\u00e9s\u00e9re - avagy n\u0151k a tech-c\u00e9gekn\u00e9l. Vallom\u00e1sok egy szakmai f\u00f3rumon.","breadcrumb":{"@id":"https:\/\/www.aarenson.hu\/en\/magyar-nem-vagynak-pozitiv-diszkriminaciora-csak-a-szakertelem-elismeresere\/#breadcrumb"},"inLanguage":"en-US","potentialAction":[{"@type":"ReadAction","target":["https:\/\/www.aarenson.hu\/en\/magyar-nem-vagynak-pozitiv-diszkriminaciora-csak-a-szakertelem-elismeresere\/"]}]},{"@type":"ImageObject","inLanguage":"en-US","@id":"https:\/\/www.aarenson.hu\/en\/magyar-nem-vagynak-pozitiv-diszkriminaciora-csak-a-szakertelem-elismeresere\/#primaryimage","url":"http:\/\/www.aarenson.hu\/wp-content\/uploads\/2019\/05\/balogh_mazimaria.jpg","contentUrl":"http:\/\/www.aarenson.hu\/wp-content\/uploads\/2019\/05\/balogh_mazimaria.jpg"},{"@type":"BreadcrumbList","@id":"https:\/\/www.aarenson.hu\/en\/magyar-nem-vagynak-pozitiv-diszkriminaciora-csak-a-szakertelem-elismeresere\/#breadcrumb","itemListElement":[{"@type":"ListItem","position":1,"name":"Home","item":"https:\/\/www.aarenson.hu\/"},{"@type":"ListItem","position":2,"name":"(Magyar) Nem v\u00e1gynak pozit\u00edv diszkrimin\u00e1ci\u00f3ra, csak a szak\u00e9rtelem elismer\u00e9s\u00e9re"}]},{"@type":"WebSite","@id":"https:\/\/www.aarenson.hu\/#website","url":"https:\/\/www.aarenson.hu\/","name":"Aarenson","description":"","potentialAction":[{"@type":"SearchAction","target":{"@type":"EntryPoint","urlTemplate":"https:\/\/www.aarenson.hu\/?s={search_term_string}"},"query-input":{"@type":"PropertyValueSpecification","valueRequired":true,"valueName":"search_term_string"}}],"inLanguage":"en-US"},{"@type":"Person","@id":"https:\/\/www.aarenson.hu\/#\/schema\/person\/04e4f45b74c5573a4ea4ffaaa95ca1c6","name":"zoli","image":{"@type":"ImageObject","inLanguage":"en-US","@id":"https:\/\/www.aarenson.hu\/#\/schema\/person\/image\/","url":"https:\/\/secure.gravatar.com\/avatar\/0e6ca20d21dd38eca5ed1cb42bbcdd40124bac75e24e2f762b546b175f938656?s=96&d=mm&r=g","contentUrl":"https:\/\/secure.gravatar.com\/avatar\/0e6ca20d21dd38eca5ed1cb42bbcdd40124bac75e24e2f762b546b175f938656?s=96&d=mm&r=g","caption":"zoli"}}]}},"_links":{"self":[{"href":"https:\/\/www.aarenson.hu\/en\/wp-json\/wp\/v2\/posts\/1911","targetHints":{"allow":["GET"]}}],"collection":[{"href":"https:\/\/www.aarenson.hu\/en\/wp-json\/wp\/v2\/posts"}],"about":[{"href":"https:\/\/www.aarenson.hu\/en\/wp-json\/wp\/v2\/types\/post"}],"author":[{"embeddable":true,"href":"https:\/\/www.aarenson.hu\/en\/wp-json\/wp\/v2\/users\/2"}],"replies":[{"embeddable":true,"href":"https:\/\/www.aarenson.hu\/en\/wp-json\/wp\/v2\/comments?post=1911"}],"version-history":[{"count":0,"href":"https:\/\/www.aarenson.hu\/en\/wp-json\/wp\/v2\/posts\/1911\/revisions"}],"wp:attachment":[{"href":"https:\/\/www.aarenson.hu\/en\/wp-json\/wp\/v2\/media?parent=1911"}],"wp:term":[{"taxonomy":"category","embeddable":true,"href":"https:\/\/www.aarenson.hu\/en\/wp-json\/wp\/v2\/categories?post=1911"},{"taxonomy":"post_tag","embeddable":true,"href":"https:\/\/www.aarenson.hu\/en\/wp-json\/wp\/v2\/tags?post=1911"}],"curies":[{"name":"wp","href":"https:\/\/api.w.org\/{rel}","templated":true}]}}