{"id":2202,"date":"2019-11-05T14:43:52","date_gmt":"2019-11-05T13:43:52","guid":{"rendered":"https:\/\/www.aarenson.hu\/?p=2202"},"modified":"2019-11-05T14:43:52","modified_gmt":"2019-11-05T13:43:52","slug":"a-tavozo-kollegak-nem-csak-a-munkaltato-markat-epithetik","status":"publish","type":"post","link":"https:\/\/www.aarenson.hu\/en\/magyar-a-tavozo-kollegak-nem-csak-a-munkaltato-markat-epithetik\/","title":{"rendered":"(Magyar) A t\u00e1voz\u00f3 koll\u00e9g\u00e1k nem csak a munk\u00e1ltat\u00f3 m\u00e1rk\u00e1t \u00e9p\u00edthetik"},"content":{"rendered":"<p class=\"qtranxs-available-languages-message qtranxs-available-languages-message-en\">Sorry, this entry is only available in <a href=\"https:\/\/www.aarenson.hu\/hu\/wp-json\/wp\/v2\/posts\/2202\" class=\"qtranxs-available-language-link qtranxs-available-language-link-hu\" title=\"Magyar\">Magyar<\/a>.<\/p>","protected":false},"excerpt":{"rendered":"<p>Sorry, this entry is only available in Magyar.<\/p>\n","protected":false},"author":5,"featured_media":0,"comment_status":"open","ping_status":"open","sticky":false,"template":"","format":"standard","meta":{"footnotes":""},"categories":[6],"tags":[],"class_list":["post-2202","post","type-post","status-publish","format-standard","hentry","category-sajtomegjelenesek"],"yoast_head":"<!-- This site is optimized with the Yoast SEO Premium plugin v26.7 (Yoast SEO v26.7) - https:\/\/yoast.com\/wordpress\/plugins\/seo\/ -->\n<title>(Magyar) A t\u00e1voz\u00f3 koll\u00e9g\u00e1k nem csak a munk\u00e1ltat\u00f3 m\u00e1rk\u00e1t \u00e9p\u00edthetik | Aarenson<\/title>\n<meta name=\"robots\" content=\"index, follow, max-snippet:-1, max-image-preview:large, max-video-preview:-1\" \/>\n<link rel=\"canonical\" href=\"https:\/\/www.aarenson.hu\/en\/magyar-a-tavozo-kollegak-nem-csak-a-munkaltato-markat-epithetik\/\" \/>\n<meta property=\"og:locale\" content=\"en_US\" \/>\n<meta property=\"og:type\" content=\"article\" \/>\n<meta property=\"og:title\" content=\"(Magyar) A t\u00e1voz\u00f3 koll\u00e9g\u00e1k nem csak a munk\u00e1ltat\u00f3 m\u00e1rk\u00e1t \u00e9p\u00edthetik\" \/>\n<meta property=\"og:description\" content=\"Sorry, this entry is only available in Magyar.\" \/>\n<meta property=\"og:url\" content=\"https:\/\/www.aarenson.hu\/en\/magyar-a-tavozo-kollegak-nem-csak-a-munkaltato-markat-epithetik\/\" \/>\n<meta property=\"og:site_name\" content=\"Aarenson\" \/>\n<meta property=\"article:publisher\" content=\"https:\/\/www.facebook.com\/aarenson.consulting\/\" \/>\n<meta property=\"article:published_time\" content=\"2019-11-05T13:43:52+00:00\" \/>\n<meta property=\"og:image\" content=\"https:\/\/www.profession.hu\/blog\/app\/uploads\/2019\/04\/pethoaniko_150px.jpg\" \/>\n<meta name=\"author\" content=\"peter.bogdanovits\" \/>\n<meta name=\"twitter:card\" content=\"summary_large_image\" \/>\n<meta name=\"twitter:label1\" content=\"Written by\" \/>\n\t<meta name=\"twitter:data1\" content=\"peter.bogdanovits\" \/>\n\t<meta name=\"twitter:label2\" content=\"Est. reading time\" \/>\n\t<meta name=\"twitter:data2\" content=\"6 minutes\" \/>\n<script type=\"application\/ld+json\" class=\"yoast-schema-graph\">{\"@context\":\"https:\/\/schema.org\",\"@graph\":[{\"@type\":\"Article\",\"@id\":\"https:\/\/www.aarenson.hu\/en\/magyar-a-tavozo-kollegak-nem-csak-a-munkaltato-markat-epithetik\/#article\",\"isPartOf\":{\"@id\":\"https:\/\/www.aarenson.hu\/en\/magyar-a-tavozo-kollegak-nem-csak-a-munkaltato-markat-epithetik\/\"},\"author\":{\"name\":\"peter.bogdanovits\",\"@id\":\"https:\/\/www.aarenson.hu\/#\/schema\/person\/8fa5ed3f05097ba57281430043af56fc\"},\"headline\":\"(Magyar) A t\u00e1voz\u00f3 koll\u00e9g\u00e1k nem csak a munk\u00e1ltat\u00f3 m\u00e1rk\u00e1t \u00e9p\u00edthetik\",\"datePublished\":\"2019-11-05T13:43:52+00:00\",\"mainEntityOfPage\":{\"@id\":\"https:\/\/www.aarenson.hu\/en\/magyar-a-tavozo-kollegak-nem-csak-a-munkaltato-markat-epithetik\/\"},\"wordCount\":1219,\"commentCount\":0,\"image\":{\"@id\":\"https:\/\/www.aarenson.hu\/en\/magyar-a-tavozo-kollegak-nem-csak-a-munkaltato-markat-epithetik\/#primaryimage\"},\"thumbnailUrl\":\"https:\/\/www.profession.hu\/blog\/app\/uploads\/2019\/04\/pethoaniko_150px.jpg\",\"articleSection\":[\"Sajt\u00f3megjelen\u00e9sek\"],\"inLanguage\":\"en-US\",\"potentialAction\":[{\"@type\":\"CommentAction\",\"name\":\"Comment\",\"target\":[\"https:\/\/www.aarenson.hu\/en\/magyar-a-tavozo-kollegak-nem-csak-a-munkaltato-markat-epithetik\/#respond\"]}]},{\"@type\":\"WebPage\",\"@id\":\"https:\/\/www.aarenson.hu\/en\/magyar-a-tavozo-kollegak-nem-csak-a-munkaltato-markat-epithetik\/\",\"url\":\"https:\/\/www.aarenson.hu\/en\/magyar-a-tavozo-kollegak-nem-csak-a-munkaltato-markat-epithetik\/\",\"name\":\"(Magyar) A t\u00e1voz\u00f3 koll\u00e9g\u00e1k nem csak a munk\u00e1ltat\u00f3 m\u00e1rk\u00e1t \u00e9p\u00edthetik | Aarenson\",\"isPartOf\":{\"@id\":\"https:\/\/www.aarenson.hu\/#website\"},\"primaryImageOfPage\":{\"@id\":\"https:\/\/www.aarenson.hu\/en\/magyar-a-tavozo-kollegak-nem-csak-a-munkaltato-markat-epithetik\/#primaryimage\"},\"image\":{\"@id\":\"https:\/\/www.aarenson.hu\/en\/magyar-a-tavozo-kollegak-nem-csak-a-munkaltato-markat-epithetik\/#primaryimage\"},\"thumbnailUrl\":\"https:\/\/www.profession.hu\/blog\/app\/uploads\/2019\/04\/pethoaniko_150px.jpg\",\"datePublished\":\"2019-11-05T13:43:52+00:00\",\"author\":{\"@id\":\"https:\/\/www.aarenson.hu\/#\/schema\/person\/8fa5ed3f05097ba57281430043af56fc\"},\"breadcrumb\":{\"@id\":\"https:\/\/www.aarenson.hu\/en\/magyar-a-tavozo-kollegak-nem-csak-a-munkaltato-markat-epithetik\/#breadcrumb\"},\"inLanguage\":\"en-US\",\"potentialAction\":[{\"@type\":\"ReadAction\",\"target\":[\"https:\/\/www.aarenson.hu\/en\/magyar-a-tavozo-kollegak-nem-csak-a-munkaltato-markat-epithetik\/\"]}]},{\"@type\":\"ImageObject\",\"inLanguage\":\"en-US\",\"@id\":\"https:\/\/www.aarenson.hu\/en\/magyar-a-tavozo-kollegak-nem-csak-a-munkaltato-markat-epithetik\/#primaryimage\",\"url\":\"https:\/\/www.profession.hu\/blog\/app\/uploads\/2019\/04\/pethoaniko_150px.jpg\",\"contentUrl\":\"https:\/\/www.profession.hu\/blog\/app\/uploads\/2019\/04\/pethoaniko_150px.jpg\"},{\"@type\":\"BreadcrumbList\",\"@id\":\"https:\/\/www.aarenson.hu\/en\/magyar-a-tavozo-kollegak-nem-csak-a-munkaltato-markat-epithetik\/#breadcrumb\",\"itemListElement\":[{\"@type\":\"ListItem\",\"position\":1,\"name\":\"Home\",\"item\":\"https:\/\/www.aarenson.hu\/\"},{\"@type\":\"ListItem\",\"position\":2,\"name\":\"A t\u00e1voz\u00f3 koll\u00e9g\u00e1k nem csak a munk\u00e1ltat\u00f3 m\u00e1rk\u00e1t \u00e9p\u00edthetik\"}]},{\"@type\":\"WebSite\",\"@id\":\"https:\/\/www.aarenson.hu\/#website\",\"url\":\"https:\/\/www.aarenson.hu\/\",\"name\":\"Aarenson\",\"description\":\"\",\"potentialAction\":[{\"@type\":\"SearchAction\",\"target\":{\"@type\":\"EntryPoint\",\"urlTemplate\":\"https:\/\/www.aarenson.hu\/?s={search_term_string}\"},\"query-input\":{\"@type\":\"PropertyValueSpecification\",\"valueRequired\":true,\"valueName\":\"search_term_string\"}}],\"inLanguage\":\"en-US\"},{\"@type\":\"Person\",\"@id\":\"https:\/\/www.aarenson.hu\/#\/schema\/person\/8fa5ed3f05097ba57281430043af56fc\",\"name\":\"peter.bogdanovits\",\"image\":{\"@type\":\"ImageObject\",\"inLanguage\":\"en-US\",\"@id\":\"https:\/\/www.aarenson.hu\/#\/schema\/person\/image\/\",\"url\":\"https:\/\/secure.gravatar.com\/avatar\/31109f463890235cccd3616933a8549320bc19884b342489a2ec21eda585276c?s=96&d=mm&r=g\",\"contentUrl\":\"https:\/\/secure.gravatar.com\/avatar\/31109f463890235cccd3616933a8549320bc19884b342489a2ec21eda585276c?s=96&d=mm&r=g\",\"caption\":\"peter.bogdanovits\"}}]}<\/script>\n<!-- \/ Yoast SEO Premium plugin. -->","yoast_head_json":{"title":"(Magyar) A t\u00e1voz\u00f3 koll\u00e9g\u00e1k nem csak a munk\u00e1ltat\u00f3 m\u00e1rk\u00e1t \u00e9p\u00edthetik | Aarenson","robots":{"index":"index","follow":"follow","max-snippet":"max-snippet:-1","max-image-preview":"max-image-preview:large","max-video-preview":"max-video-preview:-1"},"canonical":"https:\/\/www.aarenson.hu\/en\/magyar-a-tavozo-kollegak-nem-csak-a-munkaltato-markat-epithetik\/","og_locale":"en_US","og_type":"article","og_title":"(Magyar) A t\u00e1voz\u00f3 koll\u00e9g\u00e1k nem csak a munk\u00e1ltat\u00f3 m\u00e1rk\u00e1t \u00e9p\u00edthetik","og_description":"Sorry, this entry is only available in Magyar.","og_url":"https:\/\/www.aarenson.hu\/en\/magyar-a-tavozo-kollegak-nem-csak-a-munkaltato-markat-epithetik\/","og_site_name":"Aarenson","article_publisher":"https:\/\/www.facebook.com\/aarenson.consulting\/","article_published_time":"2019-11-05T13:43:52+00:00","og_image":[{"url":"https:\/\/www.profession.hu\/blog\/app\/uploads\/2019\/04\/pethoaniko_150px.jpg","type":"","width":"","height":""}],"author":"peter.bogdanovits","twitter_card":"summary_large_image","twitter_misc":{"Written by":"peter.bogdanovits","Est. reading time":"6 minutes"},"schema":{"@context":"https:\/\/schema.org","@graph":[{"@type":"Article","@id":"https:\/\/www.aarenson.hu\/en\/magyar-a-tavozo-kollegak-nem-csak-a-munkaltato-markat-epithetik\/#article","isPartOf":{"@id":"https:\/\/www.aarenson.hu\/en\/magyar-a-tavozo-kollegak-nem-csak-a-munkaltato-markat-epithetik\/"},"author":{"name":"peter.bogdanovits","@id":"https:\/\/www.aarenson.hu\/#\/schema\/person\/8fa5ed3f05097ba57281430043af56fc"},"headline":"(Magyar) A t\u00e1voz\u00f3 koll\u00e9g\u00e1k nem csak a munk\u00e1ltat\u00f3 m\u00e1rk\u00e1t \u00e9p\u00edthetik","datePublished":"2019-11-05T13:43:52+00:00","mainEntityOfPage":{"@id":"https:\/\/www.aarenson.hu\/en\/magyar-a-tavozo-kollegak-nem-csak-a-munkaltato-markat-epithetik\/"},"wordCount":1219,"commentCount":0,"image":{"@id":"https:\/\/www.aarenson.hu\/en\/magyar-a-tavozo-kollegak-nem-csak-a-munkaltato-markat-epithetik\/#primaryimage"},"thumbnailUrl":"https:\/\/www.profession.hu\/blog\/app\/uploads\/2019\/04\/pethoaniko_150px.jpg","articleSection":["Sajt\u00f3megjelen\u00e9sek"],"inLanguage":"en-US","potentialAction":[{"@type":"CommentAction","name":"Comment","target":["https:\/\/www.aarenson.hu\/en\/magyar-a-tavozo-kollegak-nem-csak-a-munkaltato-markat-epithetik\/#respond"]}]},{"@type":"WebPage","@id":"https:\/\/www.aarenson.hu\/en\/magyar-a-tavozo-kollegak-nem-csak-a-munkaltato-markat-epithetik\/","url":"https:\/\/www.aarenson.hu\/en\/magyar-a-tavozo-kollegak-nem-csak-a-munkaltato-markat-epithetik\/","name":"(Magyar) A t\u00e1voz\u00f3 koll\u00e9g\u00e1k nem csak a munk\u00e1ltat\u00f3 m\u00e1rk\u00e1t \u00e9p\u00edthetik | Aarenson","isPartOf":{"@id":"https:\/\/www.aarenson.hu\/#website"},"primaryImageOfPage":{"@id":"https:\/\/www.aarenson.hu\/en\/magyar-a-tavozo-kollegak-nem-csak-a-munkaltato-markat-epithetik\/#primaryimage"},"image":{"@id":"https:\/\/www.aarenson.hu\/en\/magyar-a-tavozo-kollegak-nem-csak-a-munkaltato-markat-epithetik\/#primaryimage"},"thumbnailUrl":"https:\/\/www.profession.hu\/blog\/app\/uploads\/2019\/04\/pethoaniko_150px.jpg","datePublished":"2019-11-05T13:43:52+00:00","author":{"@id":"https:\/\/www.aarenson.hu\/#\/schema\/person\/8fa5ed3f05097ba57281430043af56fc"},"breadcrumb":{"@id":"https:\/\/www.aarenson.hu\/en\/magyar-a-tavozo-kollegak-nem-csak-a-munkaltato-markat-epithetik\/#breadcrumb"},"inLanguage":"en-US","potentialAction":[{"@type":"ReadAction","target":["https:\/\/www.aarenson.hu\/en\/magyar-a-tavozo-kollegak-nem-csak-a-munkaltato-markat-epithetik\/"]}]},{"@type":"ImageObject","inLanguage":"en-US","@id":"https:\/\/www.aarenson.hu\/en\/magyar-a-tavozo-kollegak-nem-csak-a-munkaltato-markat-epithetik\/#primaryimage","url":"https:\/\/www.profession.hu\/blog\/app\/uploads\/2019\/04\/pethoaniko_150px.jpg","contentUrl":"https:\/\/www.profession.hu\/blog\/app\/uploads\/2019\/04\/pethoaniko_150px.jpg"},{"@type":"BreadcrumbList","@id":"https:\/\/www.aarenson.hu\/en\/magyar-a-tavozo-kollegak-nem-csak-a-munkaltato-markat-epithetik\/#breadcrumb","itemListElement":[{"@type":"ListItem","position":1,"name":"Home","item":"https:\/\/www.aarenson.hu\/"},{"@type":"ListItem","position":2,"name":"A t\u00e1voz\u00f3 koll\u00e9g\u00e1k nem csak a munk\u00e1ltat\u00f3 m\u00e1rk\u00e1t \u00e9p\u00edthetik"}]},{"@type":"WebSite","@id":"https:\/\/www.aarenson.hu\/#website","url":"https:\/\/www.aarenson.hu\/","name":"Aarenson","description":"","potentialAction":[{"@type":"SearchAction","target":{"@type":"EntryPoint","urlTemplate":"https:\/\/www.aarenson.hu\/?s={search_term_string}"},"query-input":{"@type":"PropertyValueSpecification","valueRequired":true,"valueName":"search_term_string"}}],"inLanguage":"en-US"},{"@type":"Person","@id":"https:\/\/www.aarenson.hu\/#\/schema\/person\/8fa5ed3f05097ba57281430043af56fc","name":"peter.bogdanovits","image":{"@type":"ImageObject","inLanguage":"en-US","@id":"https:\/\/www.aarenson.hu\/#\/schema\/person\/image\/","url":"https:\/\/secure.gravatar.com\/avatar\/31109f463890235cccd3616933a8549320bc19884b342489a2ec21eda585276c?s=96&d=mm&r=g","contentUrl":"https:\/\/secure.gravatar.com\/avatar\/31109f463890235cccd3616933a8549320bc19884b342489a2ec21eda585276c?s=96&d=mm&r=g","caption":"peter.bogdanovits"}}]}},"_links":{"self":[{"href":"https:\/\/www.aarenson.hu\/en\/wp-json\/wp\/v2\/posts\/2202","targetHints":{"allow":["GET"]}}],"collection":[{"href":"https:\/\/www.aarenson.hu\/en\/wp-json\/wp\/v2\/posts"}],"about":[{"href":"https:\/\/www.aarenson.hu\/en\/wp-json\/wp\/v2\/types\/post"}],"author":[{"embeddable":true,"href":"https:\/\/www.aarenson.hu\/en\/wp-json\/wp\/v2\/users\/5"}],"replies":[{"embeddable":true,"href":"https:\/\/www.aarenson.hu\/en\/wp-json\/wp\/v2\/comments?post=2202"}],"version-history":[{"count":0,"href":"https:\/\/www.aarenson.hu\/en\/wp-json\/wp\/v2\/posts\/2202\/revisions"}],"wp:attachment":[{"href":"https:\/\/www.aarenson.hu\/en\/wp-json\/wp\/v2\/media?parent=2202"}],"wp:term":[{"taxonomy":"category","embeddable":true,"href":"https:\/\/www.aarenson.hu\/en\/wp-json\/wp\/v2\/categories?post=2202"},{"taxonomy":"post_tag","embeddable":true,"href":"https:\/\/www.aarenson.hu\/en\/wp-json\/wp\/v2\/tags?post=2202"}],"curies":[{"name":"wp","href":"https:\/\/api.w.org\/{rel}","templated":true}]}}