{"id":2282,"date":"2020-06-08T17:36:35","date_gmt":"2020-06-08T15:36:35","guid":{"rendered":"https:\/\/www.aarenson.hu\/?p=2282"},"modified":"2020-06-09T09:29:06","modified_gmt":"2020-06-09T07:29:06","slug":"valtozik-e-a-munkakeresok-bizalma","status":"publish","type":"post","link":"https:\/\/www.aarenson.hu\/en\/magyar-valtozik-e-a-munkakeresok-bizalma\/","title":{"rendered":"(Magyar) V\u00e1ltozik-e a munkakeres\u0151k bizalma?"},"content":{"rendered":"<p class=\"qtranxs-available-languages-message qtranxs-available-languages-message-en\">Sorry, this entry is only available in <a href=\"https:\/\/www.aarenson.hu\/hu\/wp-json\/wp\/v2\/posts\/2282\" class=\"qtranxs-available-language-link qtranxs-available-language-link-hu\" title=\"Magyar\">Magyar<\/a>.<\/p>","protected":false},"excerpt":{"rendered":"<p>Sorry, this entry is only available in Magyar.<\/p>\n","protected":false},"author":5,"featured_media":0,"comment_status":"open","ping_status":"open","sticky":false,"template":"","format":"standard","meta":{"footnotes":""},"categories":[1],"tags":[],"class_list":["post-2282","post","type-post","status-publish","format-standard","hentry","category-egyeb"],"yoast_head":"<!-- This site is optimized with the Yoast SEO Premium plugin v26.7 (Yoast SEO v26.7) - https:\/\/yoast.com\/wordpress\/plugins\/seo\/ -->\n<title>(Magyar) V\u00e1ltozik-e a munkakeres\u0151k bizalma? | Aarenson<\/title>\n<meta name=\"description\" content=\"A munkav\u00e1llal\u00f3k kev\u00e9sb\u00e9 kock\u00e1ztatnak, jobban \u00e1tgondolj\u00e1k az aj\u00e1nlatunkat amikor fejvad\u00e1szat sor\u00e1n megkeress\u00fck \u0151ket. \u00daj szempontok is kialakultak.\" \/>\n<meta name=\"robots\" content=\"index, follow, max-snippet:-1, max-image-preview:large, max-video-preview:-1\" \/>\n<link rel=\"canonical\" href=\"https:\/\/www.aarenson.hu\/valtozik-e-a-munkakeresok-bizalma\/\" \/>\n<meta property=\"og:locale\" content=\"en_US\" \/>\n<meta property=\"og:type\" content=\"article\" \/>\n<meta property=\"og:title\" content=\"(Magyar) V\u00e1ltozik-e a munkakeres\u0151k bizalma?\" \/>\n<meta property=\"og:description\" content=\"A munkav\u00e1llal\u00f3k kev\u00e9sb\u00e9 kock\u00e1ztatnak, jobban \u00e1tgondolj\u00e1k az aj\u00e1nlatunkat amikor fejvad\u00e1szat sor\u00e1n megkeress\u00fck \u0151ket. \u00daj szempontok is kialakultak.\" \/>\n<meta property=\"og:url\" content=\"https:\/\/www.aarenson.hu\/valtozik-e-a-munkakeresok-bizalma\/\" \/>\n<meta property=\"og:site_name\" content=\"Aarenson\" \/>\n<meta property=\"article:publisher\" content=\"https:\/\/www.facebook.com\/aarenson.consulting\/\" \/>\n<meta property=\"article:published_time\" content=\"2020-06-08T15:36:35+00:00\" \/>\n<meta property=\"article:modified_time\" content=\"2020-06-09T07:29:06+00:00\" \/>\n<meta property=\"og:image\" content=\"https:\/\/www.aarenson.hu\/wp-content\/uploads\/2020\/06\/worried-man-slow-motion-4k-footage-086695931_prevstill-300x169.jpeg\" \/>\n<meta name=\"author\" content=\"peter.bogdanovits\" \/>\n<meta name=\"twitter:card\" content=\"summary_large_image\" \/>\n<meta name=\"twitter:label1\" content=\"Written by\" \/>\n\t<meta name=\"twitter:data1\" content=\"peter.bogdanovits\" \/>\n\t<meta name=\"twitter:label2\" content=\"Est. reading time\" \/>\n\t<meta name=\"twitter:data2\" content=\"2 minutes\" \/>\n<script type=\"application\/ld+json\" class=\"yoast-schema-graph\">{\"@context\":\"https:\/\/schema.org\",\"@graph\":[{\"@type\":\"Article\",\"@id\":\"https:\/\/www.aarenson.hu\/valtozik-e-a-munkakeresok-bizalma\/#article\",\"isPartOf\":{\"@id\":\"https:\/\/www.aarenson.hu\/valtozik-e-a-munkakeresok-bizalma\/\"},\"author\":{\"name\":\"peter.bogdanovits\",\"@id\":\"https:\/\/www.aarenson.hu\/#\/schema\/person\/8fa5ed3f05097ba57281430043af56fc\"},\"headline\":\"(Magyar) V\u00e1ltozik-e a munkakeres\u0151k bizalma?\",\"datePublished\":\"2020-06-08T15:36:35+00:00\",\"dateModified\":\"2020-06-09T07:29:06+00:00\",\"mainEntityOfPage\":{\"@id\":\"https:\/\/www.aarenson.hu\/valtozik-e-a-munkakeresok-bizalma\/\"},\"wordCount\":418,\"commentCount\":0,\"image\":{\"@id\":\"https:\/\/www.aarenson.hu\/valtozik-e-a-munkakeresok-bizalma\/#primaryimage\"},\"thumbnailUrl\":\"https:\/\/www.aarenson.hu\/wp-content\/uploads\/2020\/06\/worried-man-slow-motion-4k-footage-086695931_prevstill-300x169.jpeg\",\"articleSection\":[\"Egy\u00e9b kateg\u00f3ria\"],\"inLanguage\":\"en-US\",\"potentialAction\":[{\"@type\":\"CommentAction\",\"name\":\"Comment\",\"target\":[\"https:\/\/www.aarenson.hu\/valtozik-e-a-munkakeresok-bizalma\/#respond\"]}]},{\"@type\":\"WebPage\",\"@id\":\"https:\/\/www.aarenson.hu\/valtozik-e-a-munkakeresok-bizalma\/\",\"url\":\"https:\/\/www.aarenson.hu\/valtozik-e-a-munkakeresok-bizalma\/\",\"name\":\"(Magyar) V\u00e1ltozik-e a munkakeres\u0151k bizalma? | Aarenson\",\"isPartOf\":{\"@id\":\"https:\/\/www.aarenson.hu\/#website\"},\"primaryImageOfPage\":{\"@id\":\"https:\/\/www.aarenson.hu\/valtozik-e-a-munkakeresok-bizalma\/#primaryimage\"},\"image\":{\"@id\":\"https:\/\/www.aarenson.hu\/valtozik-e-a-munkakeresok-bizalma\/#primaryimage\"},\"thumbnailUrl\":\"https:\/\/www.aarenson.hu\/wp-content\/uploads\/2020\/06\/worried-man-slow-motion-4k-footage-086695931_prevstill-300x169.jpeg\",\"datePublished\":\"2020-06-08T15:36:35+00:00\",\"dateModified\":\"2020-06-09T07:29:06+00:00\",\"author\":{\"@id\":\"https:\/\/www.aarenson.hu\/#\/schema\/person\/8fa5ed3f05097ba57281430043af56fc\"},\"description\":\"A munkav\u00e1llal\u00f3k kev\u00e9sb\u00e9 kock\u00e1ztatnak, jobban \u00e1tgondolj\u00e1k az aj\u00e1nlatunkat amikor fejvad\u00e1szat sor\u00e1n megkeress\u00fck \u0151ket. \u00daj szempontok is kialakultak.\",\"breadcrumb\":{\"@id\":\"https:\/\/www.aarenson.hu\/valtozik-e-a-munkakeresok-bizalma\/#breadcrumb\"},\"inLanguage\":\"en-US\",\"potentialAction\":[{\"@type\":\"ReadAction\",\"target\":[\"https:\/\/www.aarenson.hu\/valtozik-e-a-munkakeresok-bizalma\/\"]}]},{\"@type\":\"ImageObject\",\"inLanguage\":\"en-US\",\"@id\":\"https:\/\/www.aarenson.hu\/valtozik-e-a-munkakeresok-bizalma\/#primaryimage\",\"url\":\"https:\/\/www.aarenson.hu\/wp-content\/uploads\/2020\/06\/worried-man-slow-motion-4k-footage-086695931_prevstill-300x169.jpeg\",\"contentUrl\":\"https:\/\/www.aarenson.hu\/wp-content\/uploads\/2020\/06\/worried-man-slow-motion-4k-footage-086695931_prevstill-300x169.jpeg\"},{\"@type\":\"BreadcrumbList\",\"@id\":\"https:\/\/www.aarenson.hu\/valtozik-e-a-munkakeresok-bizalma\/#breadcrumb\",\"itemListElement\":[{\"@type\":\"ListItem\",\"position\":1,\"name\":\"Home\",\"item\":\"https:\/\/www.aarenson.hu\/\"},{\"@type\":\"ListItem\",\"position\":2,\"name\":\"V\u00e1ltozik-e a munkakeres\u0151k bizalma?\"}]},{\"@type\":\"WebSite\",\"@id\":\"https:\/\/www.aarenson.hu\/#website\",\"url\":\"https:\/\/www.aarenson.hu\/\",\"name\":\"Aarenson\",\"description\":\"\",\"potentialAction\":[{\"@type\":\"SearchAction\",\"target\":{\"@type\":\"EntryPoint\",\"urlTemplate\":\"https:\/\/www.aarenson.hu\/?s={search_term_string}\"},\"query-input\":{\"@type\":\"PropertyValueSpecification\",\"valueRequired\":true,\"valueName\":\"search_term_string\"}}],\"inLanguage\":\"en-US\"},{\"@type\":\"Person\",\"@id\":\"https:\/\/www.aarenson.hu\/#\/schema\/person\/8fa5ed3f05097ba57281430043af56fc\",\"name\":\"peter.bogdanovits\",\"image\":{\"@type\":\"ImageObject\",\"inLanguage\":\"en-US\",\"@id\":\"https:\/\/www.aarenson.hu\/#\/schema\/person\/image\/\",\"url\":\"https:\/\/secure.gravatar.com\/avatar\/31109f463890235cccd3616933a8549320bc19884b342489a2ec21eda585276c?s=96&d=mm&r=g\",\"contentUrl\":\"https:\/\/secure.gravatar.com\/avatar\/31109f463890235cccd3616933a8549320bc19884b342489a2ec21eda585276c?s=96&d=mm&r=g\",\"caption\":\"peter.bogdanovits\"}}]}<\/script>\n<!-- \/ Yoast SEO Premium plugin. -->","yoast_head_json":{"title":"(Magyar) V\u00e1ltozik-e a munkakeres\u0151k bizalma? | Aarenson","description":"A munkav\u00e1llal\u00f3k kev\u00e9sb\u00e9 kock\u00e1ztatnak, jobban \u00e1tgondolj\u00e1k az aj\u00e1nlatunkat amikor fejvad\u00e1szat sor\u00e1n megkeress\u00fck \u0151ket. \u00daj szempontok is kialakultak.","robots":{"index":"index","follow":"follow","max-snippet":"max-snippet:-1","max-image-preview":"max-image-preview:large","max-video-preview":"max-video-preview:-1"},"canonical":"https:\/\/www.aarenson.hu\/valtozik-e-a-munkakeresok-bizalma\/","og_locale":"en_US","og_type":"article","og_title":"(Magyar) V\u00e1ltozik-e a munkakeres\u0151k bizalma?","og_description":"A munkav\u00e1llal\u00f3k kev\u00e9sb\u00e9 kock\u00e1ztatnak, jobban \u00e1tgondolj\u00e1k az aj\u00e1nlatunkat amikor fejvad\u00e1szat sor\u00e1n megkeress\u00fck \u0151ket. \u00daj szempontok is kialakultak.","og_url":"https:\/\/www.aarenson.hu\/valtozik-e-a-munkakeresok-bizalma\/","og_site_name":"Aarenson","article_publisher":"https:\/\/www.facebook.com\/aarenson.consulting\/","article_published_time":"2020-06-08T15:36:35+00:00","article_modified_time":"2020-06-09T07:29:06+00:00","og_image":[{"url":"https:\/\/www.aarenson.hu\/wp-content\/uploads\/2020\/06\/worried-man-slow-motion-4k-footage-086695931_prevstill-300x169.jpeg","type":"","width":"","height":""}],"author":"peter.bogdanovits","twitter_card":"summary_large_image","twitter_misc":{"Written by":"peter.bogdanovits","Est. reading time":"2 minutes"},"schema":{"@context":"https:\/\/schema.org","@graph":[{"@type":"Article","@id":"https:\/\/www.aarenson.hu\/valtozik-e-a-munkakeresok-bizalma\/#article","isPartOf":{"@id":"https:\/\/www.aarenson.hu\/valtozik-e-a-munkakeresok-bizalma\/"},"author":{"name":"peter.bogdanovits","@id":"https:\/\/www.aarenson.hu\/#\/schema\/person\/8fa5ed3f05097ba57281430043af56fc"},"headline":"(Magyar) V\u00e1ltozik-e a munkakeres\u0151k bizalma?","datePublished":"2020-06-08T15:36:35+00:00","dateModified":"2020-06-09T07:29:06+00:00","mainEntityOfPage":{"@id":"https:\/\/www.aarenson.hu\/valtozik-e-a-munkakeresok-bizalma\/"},"wordCount":418,"commentCount":0,"image":{"@id":"https:\/\/www.aarenson.hu\/valtozik-e-a-munkakeresok-bizalma\/#primaryimage"},"thumbnailUrl":"https:\/\/www.aarenson.hu\/wp-content\/uploads\/2020\/06\/worried-man-slow-motion-4k-footage-086695931_prevstill-300x169.jpeg","articleSection":["Egy\u00e9b kateg\u00f3ria"],"inLanguage":"en-US","potentialAction":[{"@type":"CommentAction","name":"Comment","target":["https:\/\/www.aarenson.hu\/valtozik-e-a-munkakeresok-bizalma\/#respond"]}]},{"@type":"WebPage","@id":"https:\/\/www.aarenson.hu\/valtozik-e-a-munkakeresok-bizalma\/","url":"https:\/\/www.aarenson.hu\/valtozik-e-a-munkakeresok-bizalma\/","name":"(Magyar) V\u00e1ltozik-e a munkakeres\u0151k bizalma? | Aarenson","isPartOf":{"@id":"https:\/\/www.aarenson.hu\/#website"},"primaryImageOfPage":{"@id":"https:\/\/www.aarenson.hu\/valtozik-e-a-munkakeresok-bizalma\/#primaryimage"},"image":{"@id":"https:\/\/www.aarenson.hu\/valtozik-e-a-munkakeresok-bizalma\/#primaryimage"},"thumbnailUrl":"https:\/\/www.aarenson.hu\/wp-content\/uploads\/2020\/06\/worried-man-slow-motion-4k-footage-086695931_prevstill-300x169.jpeg","datePublished":"2020-06-08T15:36:35+00:00","dateModified":"2020-06-09T07:29:06+00:00","author":{"@id":"https:\/\/www.aarenson.hu\/#\/schema\/person\/8fa5ed3f05097ba57281430043af56fc"},"description":"A munkav\u00e1llal\u00f3k kev\u00e9sb\u00e9 kock\u00e1ztatnak, jobban \u00e1tgondolj\u00e1k az aj\u00e1nlatunkat amikor fejvad\u00e1szat sor\u00e1n megkeress\u00fck \u0151ket. \u00daj szempontok is kialakultak.","breadcrumb":{"@id":"https:\/\/www.aarenson.hu\/valtozik-e-a-munkakeresok-bizalma\/#breadcrumb"},"inLanguage":"en-US","potentialAction":[{"@type":"ReadAction","target":["https:\/\/www.aarenson.hu\/valtozik-e-a-munkakeresok-bizalma\/"]}]},{"@type":"ImageObject","inLanguage":"en-US","@id":"https:\/\/www.aarenson.hu\/valtozik-e-a-munkakeresok-bizalma\/#primaryimage","url":"https:\/\/www.aarenson.hu\/wp-content\/uploads\/2020\/06\/worried-man-slow-motion-4k-footage-086695931_prevstill-300x169.jpeg","contentUrl":"https:\/\/www.aarenson.hu\/wp-content\/uploads\/2020\/06\/worried-man-slow-motion-4k-footage-086695931_prevstill-300x169.jpeg"},{"@type":"BreadcrumbList","@id":"https:\/\/www.aarenson.hu\/valtozik-e-a-munkakeresok-bizalma\/#breadcrumb","itemListElement":[{"@type":"ListItem","position":1,"name":"Home","item":"https:\/\/www.aarenson.hu\/"},{"@type":"ListItem","position":2,"name":"V\u00e1ltozik-e a munkakeres\u0151k bizalma?"}]},{"@type":"WebSite","@id":"https:\/\/www.aarenson.hu\/#website","url":"https:\/\/www.aarenson.hu\/","name":"Aarenson","description":"","potentialAction":[{"@type":"SearchAction","target":{"@type":"EntryPoint","urlTemplate":"https:\/\/www.aarenson.hu\/?s={search_term_string}"},"query-input":{"@type":"PropertyValueSpecification","valueRequired":true,"valueName":"search_term_string"}}],"inLanguage":"en-US"},{"@type":"Person","@id":"https:\/\/www.aarenson.hu\/#\/schema\/person\/8fa5ed3f05097ba57281430043af56fc","name":"peter.bogdanovits","image":{"@type":"ImageObject","inLanguage":"en-US","@id":"https:\/\/www.aarenson.hu\/#\/schema\/person\/image\/","url":"https:\/\/secure.gravatar.com\/avatar\/31109f463890235cccd3616933a8549320bc19884b342489a2ec21eda585276c?s=96&d=mm&r=g","contentUrl":"https:\/\/secure.gravatar.com\/avatar\/31109f463890235cccd3616933a8549320bc19884b342489a2ec21eda585276c?s=96&d=mm&r=g","caption":"peter.bogdanovits"}}]}},"_links":{"self":[{"href":"https:\/\/www.aarenson.hu\/en\/wp-json\/wp\/v2\/posts\/2282","targetHints":{"allow":["GET"]}}],"collection":[{"href":"https:\/\/www.aarenson.hu\/en\/wp-json\/wp\/v2\/posts"}],"about":[{"href":"https:\/\/www.aarenson.hu\/en\/wp-json\/wp\/v2\/types\/post"}],"author":[{"embeddable":true,"href":"https:\/\/www.aarenson.hu\/en\/wp-json\/wp\/v2\/users\/5"}],"replies":[{"embeddable":true,"href":"https:\/\/www.aarenson.hu\/en\/wp-json\/wp\/v2\/comments?post=2282"}],"version-history":[{"count":0,"href":"https:\/\/www.aarenson.hu\/en\/wp-json\/wp\/v2\/posts\/2282\/revisions"}],"wp:attachment":[{"href":"https:\/\/www.aarenson.hu\/en\/wp-json\/wp\/v2\/media?parent=2282"}],"wp:term":[{"taxonomy":"category","embeddable":true,"href":"https:\/\/www.aarenson.hu\/en\/wp-json\/wp\/v2\/categories?post=2282"},{"taxonomy":"post_tag","embeddable":true,"href":"https:\/\/www.aarenson.hu\/en\/wp-json\/wp\/v2\/tags?post=2282"}],"curies":[{"name":"wp","href":"https:\/\/api.w.org\/{rel}","templated":true}]}}