{"id":2287,"date":"2020-06-09T09:18:59","date_gmt":"2020-06-09T07:18:59","guid":{"rendered":"https:\/\/www.aarenson.hu\/?p=2287"},"modified":"2020-06-09T09:31:14","modified_gmt":"2020-06-09T07:31:14","slug":"ennyit-kereshetsz-iden-a-diakmunkaval","status":"publish","type":"post","link":"https:\/\/www.aarenson.hu\/en\/magyar-ennyit-kereshetsz-iden-a-diakmunkaval\/","title":{"rendered":"(Magyar) Ennyit kereshetsz id\u00e9n a di\u00e1kmunk\u00e1val"},"content":{"rendered":"<p class=\"qtranxs-available-languages-message qtranxs-available-languages-message-en\">Sorry, this entry is only available in <a href=\"https:\/\/www.aarenson.hu\/hu\/wp-json\/wp\/v2\/posts\/2287\" class=\"qtranxs-available-language-link qtranxs-available-language-link-hu\" title=\"Magyar\">Magyar<\/a>.<\/p>","protected":false},"excerpt":{"rendered":"<p>Sorry, this entry is only available in Magyar.<\/p>\n","protected":false},"author":5,"featured_media":0,"comment_status":"open","ping_status":"open","sticky":false,"template":"","format":"standard","meta":{"footnotes":""},"categories":[7],"tags":[20],"class_list":["post-2287","post","type-post","status-publish","format-standard","hentry","category-blogbejegyzesek","tag-diakmunka"],"yoast_head":"<!-- This site is optimized with the Yoast SEO Premium plugin v26.7 (Yoast SEO v26.7) - https:\/\/yoast.com\/wordpress\/plugins\/seo\/ -->\n<title>(Magyar) Ennyit kereshetsz id\u00e9n a di\u00e1kmunk\u00e1val | Aarenson<\/title>\n<meta name=\"description\" content=\"A koronav\u00edrus-j\u00e1rv\u00e1ny miatt a di\u00e1kok jelent\u0151s r\u00e9sze vesztette el a munk\u00e1j\u00e1t, a gazdas\u00e1g \u00fajranyit\u00e1s\u00e1val most ism\u00e9t egyre t\u00f6bb a kereseti lehet\u0151s\u00e9g.\" \/>\n<meta name=\"robots\" content=\"index, follow, max-snippet:-1, max-image-preview:large, max-video-preview:-1\" \/>\n<link rel=\"canonical\" href=\"https:\/\/www.aarenson.hu\/en\/magyar-ennyit-kereshetsz-iden-a-diakmunkaval\/\" \/>\n<meta property=\"og:locale\" content=\"en_US\" \/>\n<meta property=\"og:type\" content=\"article\" \/>\n<meta property=\"og:title\" content=\"(Magyar) Ennyit kereshetsz id\u00e9n a di\u00e1kmunk\u00e1val\" \/>\n<meta property=\"og:description\" content=\"A koronav\u00edrus-j\u00e1rv\u00e1ny miatt a di\u00e1kok jelent\u0151s r\u00e9sze vesztette el a munk\u00e1j\u00e1t, a gazdas\u00e1g \u00fajranyit\u00e1s\u00e1val most ism\u00e9t egyre t\u00f6bb a kereseti lehet\u0151s\u00e9g.\" \/>\n<meta property=\"og:url\" content=\"https:\/\/www.aarenson.hu\/en\/magyar-ennyit-kereshetsz-iden-a-diakmunkaval\/\" \/>\n<meta property=\"og:site_name\" content=\"Aarenson\" \/>\n<meta property=\"article:publisher\" content=\"https:\/\/www.facebook.com\/aarenson.consulting\/\" \/>\n<meta property=\"article:published_time\" content=\"2020-06-09T07:18:59+00:00\" \/>\n<meta property=\"article:modified_time\" content=\"2020-06-09T07:31:14+00:00\" \/>\n<meta property=\"og:image\" content=\"https:\/\/www.aarenson.hu\/wp-content\/uploads\/2020\/06\/image-254x300.jpeg\" \/>\n<meta name=\"author\" content=\"peter.bogdanovits\" \/>\n<meta name=\"twitter:card\" content=\"summary_large_image\" \/>\n<meta name=\"twitter:label1\" content=\"Written by\" \/>\n\t<meta name=\"twitter:data1\" content=\"peter.bogdanovits\" \/>\n\t<meta name=\"twitter:label2\" content=\"Est. reading time\" \/>\n\t<meta name=\"twitter:data2\" content=\"2 minutes\" \/>\n<script type=\"application\/ld+json\" class=\"yoast-schema-graph\">{\"@context\":\"https:\/\/schema.org\",\"@graph\":[{\"@type\":\"Article\",\"@id\":\"https:\/\/www.aarenson.hu\/en\/magyar-ennyit-kereshetsz-iden-a-diakmunkaval\/#article\",\"isPartOf\":{\"@id\":\"https:\/\/www.aarenson.hu\/en\/magyar-ennyit-kereshetsz-iden-a-diakmunkaval\/\"},\"author\":{\"name\":\"peter.bogdanovits\",\"@id\":\"https:\/\/www.aarenson.hu\/#\/schema\/person\/8fa5ed3f05097ba57281430043af56fc\"},\"headline\":\"(Magyar) Ennyit kereshetsz id\u00e9n a di\u00e1kmunk\u00e1val\",\"datePublished\":\"2020-06-09T07:18:59+00:00\",\"dateModified\":\"2020-06-09T07:31:14+00:00\",\"mainEntityOfPage\":{\"@id\":\"https:\/\/www.aarenson.hu\/en\/magyar-ennyit-kereshetsz-iden-a-diakmunkaval\/\"},\"wordCount\":436,\"commentCount\":0,\"image\":{\"@id\":\"https:\/\/www.aarenson.hu\/en\/magyar-ennyit-kereshetsz-iden-a-diakmunkaval\/#primaryimage\"},\"thumbnailUrl\":\"https:\/\/www.aarenson.hu\/wp-content\/uploads\/2020\/06\/image-254x300.jpeg\",\"keywords\":[\"Di\u00e1kmunka\"],\"articleSection\":[\"Blogbejegyz\u00e9sek\"],\"inLanguage\":\"en-US\",\"potentialAction\":[{\"@type\":\"CommentAction\",\"name\":\"Comment\",\"target\":[\"https:\/\/www.aarenson.hu\/en\/magyar-ennyit-kereshetsz-iden-a-diakmunkaval\/#respond\"]}]},{\"@type\":\"WebPage\",\"@id\":\"https:\/\/www.aarenson.hu\/en\/magyar-ennyit-kereshetsz-iden-a-diakmunkaval\/\",\"url\":\"https:\/\/www.aarenson.hu\/en\/magyar-ennyit-kereshetsz-iden-a-diakmunkaval\/\",\"name\":\"(Magyar) Ennyit kereshetsz id\u00e9n a di\u00e1kmunk\u00e1val | Aarenson\",\"isPartOf\":{\"@id\":\"https:\/\/www.aarenson.hu\/#website\"},\"primaryImageOfPage\":{\"@id\":\"https:\/\/www.aarenson.hu\/en\/magyar-ennyit-kereshetsz-iden-a-diakmunkaval\/#primaryimage\"},\"image\":{\"@id\":\"https:\/\/www.aarenson.hu\/en\/magyar-ennyit-kereshetsz-iden-a-diakmunkaval\/#primaryimage\"},\"thumbnailUrl\":\"https:\/\/www.aarenson.hu\/wp-content\/uploads\/2020\/06\/image-254x300.jpeg\",\"datePublished\":\"2020-06-09T07:18:59+00:00\",\"dateModified\":\"2020-06-09T07:31:14+00:00\",\"author\":{\"@id\":\"https:\/\/www.aarenson.hu\/#\/schema\/person\/8fa5ed3f05097ba57281430043af56fc\"},\"description\":\"A koronav\u00edrus-j\u00e1rv\u00e1ny miatt a di\u00e1kok jelent\u0151s r\u00e9sze vesztette el a munk\u00e1j\u00e1t, a gazdas\u00e1g \u00fajranyit\u00e1s\u00e1val most ism\u00e9t egyre t\u00f6bb a kereseti lehet\u0151s\u00e9g.\",\"breadcrumb\":{\"@id\":\"https:\/\/www.aarenson.hu\/en\/magyar-ennyit-kereshetsz-iden-a-diakmunkaval\/#breadcrumb\"},\"inLanguage\":\"en-US\",\"potentialAction\":[{\"@type\":\"ReadAction\",\"target\":[\"https:\/\/www.aarenson.hu\/en\/magyar-ennyit-kereshetsz-iden-a-diakmunkaval\/\"]}]},{\"@type\":\"ImageObject\",\"inLanguage\":\"en-US\",\"@id\":\"https:\/\/www.aarenson.hu\/en\/magyar-ennyit-kereshetsz-iden-a-diakmunkaval\/#primaryimage\",\"url\":\"https:\/\/www.aarenson.hu\/wp-content\/uploads\/2020\/06\/image-254x300.jpeg\",\"contentUrl\":\"https:\/\/www.aarenson.hu\/wp-content\/uploads\/2020\/06\/image-254x300.jpeg\"},{\"@type\":\"BreadcrumbList\",\"@id\":\"https:\/\/www.aarenson.hu\/en\/magyar-ennyit-kereshetsz-iden-a-diakmunkaval\/#breadcrumb\",\"itemListElement\":[{\"@type\":\"ListItem\",\"position\":1,\"name\":\"Home\",\"item\":\"https:\/\/www.aarenson.hu\/\"},{\"@type\":\"ListItem\",\"position\":2,\"name\":\"(Magyar) Ennyit kereshetsz id\u00e9n a di\u00e1kmunk\u00e1val\"}]},{\"@type\":\"WebSite\",\"@id\":\"https:\/\/www.aarenson.hu\/#website\",\"url\":\"https:\/\/www.aarenson.hu\/\",\"name\":\"Aarenson\",\"description\":\"\",\"potentialAction\":[{\"@type\":\"SearchAction\",\"target\":{\"@type\":\"EntryPoint\",\"urlTemplate\":\"https:\/\/www.aarenson.hu\/?s={search_term_string}\"},\"query-input\":{\"@type\":\"PropertyValueSpecification\",\"valueRequired\":true,\"valueName\":\"search_term_string\"}}],\"inLanguage\":\"en-US\"},{\"@type\":\"Person\",\"@id\":\"https:\/\/www.aarenson.hu\/#\/schema\/person\/8fa5ed3f05097ba57281430043af56fc\",\"name\":\"peter.bogdanovits\",\"image\":{\"@type\":\"ImageObject\",\"inLanguage\":\"en-US\",\"@id\":\"https:\/\/www.aarenson.hu\/#\/schema\/person\/image\/\",\"url\":\"https:\/\/secure.gravatar.com\/avatar\/31109f463890235cccd3616933a8549320bc19884b342489a2ec21eda585276c?s=96&d=mm&r=g\",\"contentUrl\":\"https:\/\/secure.gravatar.com\/avatar\/31109f463890235cccd3616933a8549320bc19884b342489a2ec21eda585276c?s=96&d=mm&r=g\",\"caption\":\"peter.bogdanovits\"}}]}<\/script>\n<!-- \/ Yoast SEO Premium plugin. -->","yoast_head_json":{"title":"(Magyar) Ennyit kereshetsz id\u00e9n a di\u00e1kmunk\u00e1val | Aarenson","description":"A koronav\u00edrus-j\u00e1rv\u00e1ny miatt a di\u00e1kok jelent\u0151s r\u00e9sze vesztette el a munk\u00e1j\u00e1t, a gazdas\u00e1g \u00fajranyit\u00e1s\u00e1val most ism\u00e9t egyre t\u00f6bb a kereseti lehet\u0151s\u00e9g.","robots":{"index":"index","follow":"follow","max-snippet":"max-snippet:-1","max-image-preview":"max-image-preview:large","max-video-preview":"max-video-preview:-1"},"canonical":"https:\/\/www.aarenson.hu\/en\/magyar-ennyit-kereshetsz-iden-a-diakmunkaval\/","og_locale":"en_US","og_type":"article","og_title":"(Magyar) Ennyit kereshetsz id\u00e9n a di\u00e1kmunk\u00e1val","og_description":"A koronav\u00edrus-j\u00e1rv\u00e1ny miatt a di\u00e1kok jelent\u0151s r\u00e9sze vesztette el a munk\u00e1j\u00e1t, a gazdas\u00e1g \u00fajranyit\u00e1s\u00e1val most ism\u00e9t egyre t\u00f6bb a kereseti lehet\u0151s\u00e9g.","og_url":"https:\/\/www.aarenson.hu\/en\/magyar-ennyit-kereshetsz-iden-a-diakmunkaval\/","og_site_name":"Aarenson","article_publisher":"https:\/\/www.facebook.com\/aarenson.consulting\/","article_published_time":"2020-06-09T07:18:59+00:00","article_modified_time":"2020-06-09T07:31:14+00:00","og_image":[{"url":"https:\/\/www.aarenson.hu\/wp-content\/uploads\/2020\/06\/image-254x300.jpeg","type":"","width":"","height":""}],"author":"peter.bogdanovits","twitter_card":"summary_large_image","twitter_misc":{"Written by":"peter.bogdanovits","Est. reading time":"2 minutes"},"schema":{"@context":"https:\/\/schema.org","@graph":[{"@type":"Article","@id":"https:\/\/www.aarenson.hu\/en\/magyar-ennyit-kereshetsz-iden-a-diakmunkaval\/#article","isPartOf":{"@id":"https:\/\/www.aarenson.hu\/en\/magyar-ennyit-kereshetsz-iden-a-diakmunkaval\/"},"author":{"name":"peter.bogdanovits","@id":"https:\/\/www.aarenson.hu\/#\/schema\/person\/8fa5ed3f05097ba57281430043af56fc"},"headline":"(Magyar) Ennyit kereshetsz id\u00e9n a di\u00e1kmunk\u00e1val","datePublished":"2020-06-09T07:18:59+00:00","dateModified":"2020-06-09T07:31:14+00:00","mainEntityOfPage":{"@id":"https:\/\/www.aarenson.hu\/en\/magyar-ennyit-kereshetsz-iden-a-diakmunkaval\/"},"wordCount":436,"commentCount":0,"image":{"@id":"https:\/\/www.aarenson.hu\/en\/magyar-ennyit-kereshetsz-iden-a-diakmunkaval\/#primaryimage"},"thumbnailUrl":"https:\/\/www.aarenson.hu\/wp-content\/uploads\/2020\/06\/image-254x300.jpeg","keywords":["Di\u00e1kmunka"],"articleSection":["Blogbejegyz\u00e9sek"],"inLanguage":"en-US","potentialAction":[{"@type":"CommentAction","name":"Comment","target":["https:\/\/www.aarenson.hu\/en\/magyar-ennyit-kereshetsz-iden-a-diakmunkaval\/#respond"]}]},{"@type":"WebPage","@id":"https:\/\/www.aarenson.hu\/en\/magyar-ennyit-kereshetsz-iden-a-diakmunkaval\/","url":"https:\/\/www.aarenson.hu\/en\/magyar-ennyit-kereshetsz-iden-a-diakmunkaval\/","name":"(Magyar) Ennyit kereshetsz id\u00e9n a di\u00e1kmunk\u00e1val | Aarenson","isPartOf":{"@id":"https:\/\/www.aarenson.hu\/#website"},"primaryImageOfPage":{"@id":"https:\/\/www.aarenson.hu\/en\/magyar-ennyit-kereshetsz-iden-a-diakmunkaval\/#primaryimage"},"image":{"@id":"https:\/\/www.aarenson.hu\/en\/magyar-ennyit-kereshetsz-iden-a-diakmunkaval\/#primaryimage"},"thumbnailUrl":"https:\/\/www.aarenson.hu\/wp-content\/uploads\/2020\/06\/image-254x300.jpeg","datePublished":"2020-06-09T07:18:59+00:00","dateModified":"2020-06-09T07:31:14+00:00","author":{"@id":"https:\/\/www.aarenson.hu\/#\/schema\/person\/8fa5ed3f05097ba57281430043af56fc"},"description":"A koronav\u00edrus-j\u00e1rv\u00e1ny miatt a di\u00e1kok jelent\u0151s r\u00e9sze vesztette el a munk\u00e1j\u00e1t, a gazdas\u00e1g \u00fajranyit\u00e1s\u00e1val most ism\u00e9t egyre t\u00f6bb a kereseti lehet\u0151s\u00e9g.","breadcrumb":{"@id":"https:\/\/www.aarenson.hu\/en\/magyar-ennyit-kereshetsz-iden-a-diakmunkaval\/#breadcrumb"},"inLanguage":"en-US","potentialAction":[{"@type":"ReadAction","target":["https:\/\/www.aarenson.hu\/en\/magyar-ennyit-kereshetsz-iden-a-diakmunkaval\/"]}]},{"@type":"ImageObject","inLanguage":"en-US","@id":"https:\/\/www.aarenson.hu\/en\/magyar-ennyit-kereshetsz-iden-a-diakmunkaval\/#primaryimage","url":"https:\/\/www.aarenson.hu\/wp-content\/uploads\/2020\/06\/image-254x300.jpeg","contentUrl":"https:\/\/www.aarenson.hu\/wp-content\/uploads\/2020\/06\/image-254x300.jpeg"},{"@type":"BreadcrumbList","@id":"https:\/\/www.aarenson.hu\/en\/magyar-ennyit-kereshetsz-iden-a-diakmunkaval\/#breadcrumb","itemListElement":[{"@type":"ListItem","position":1,"name":"Home","item":"https:\/\/www.aarenson.hu\/"},{"@type":"ListItem","position":2,"name":"(Magyar) Ennyit kereshetsz id\u00e9n a di\u00e1kmunk\u00e1val"}]},{"@type":"WebSite","@id":"https:\/\/www.aarenson.hu\/#website","url":"https:\/\/www.aarenson.hu\/","name":"Aarenson","description":"","potentialAction":[{"@type":"SearchAction","target":{"@type":"EntryPoint","urlTemplate":"https:\/\/www.aarenson.hu\/?s={search_term_string}"},"query-input":{"@type":"PropertyValueSpecification","valueRequired":true,"valueName":"search_term_string"}}],"inLanguage":"en-US"},{"@type":"Person","@id":"https:\/\/www.aarenson.hu\/#\/schema\/person\/8fa5ed3f05097ba57281430043af56fc","name":"peter.bogdanovits","image":{"@type":"ImageObject","inLanguage":"en-US","@id":"https:\/\/www.aarenson.hu\/#\/schema\/person\/image\/","url":"https:\/\/secure.gravatar.com\/avatar\/31109f463890235cccd3616933a8549320bc19884b342489a2ec21eda585276c?s=96&d=mm&r=g","contentUrl":"https:\/\/secure.gravatar.com\/avatar\/31109f463890235cccd3616933a8549320bc19884b342489a2ec21eda585276c?s=96&d=mm&r=g","caption":"peter.bogdanovits"}}]}},"_links":{"self":[{"href":"https:\/\/www.aarenson.hu\/en\/wp-json\/wp\/v2\/posts\/2287","targetHints":{"allow":["GET"]}}],"collection":[{"href":"https:\/\/www.aarenson.hu\/en\/wp-json\/wp\/v2\/posts"}],"about":[{"href":"https:\/\/www.aarenson.hu\/en\/wp-json\/wp\/v2\/types\/post"}],"author":[{"embeddable":true,"href":"https:\/\/www.aarenson.hu\/en\/wp-json\/wp\/v2\/users\/5"}],"replies":[{"embeddable":true,"href":"https:\/\/www.aarenson.hu\/en\/wp-json\/wp\/v2\/comments?post=2287"}],"version-history":[{"count":0,"href":"https:\/\/www.aarenson.hu\/en\/wp-json\/wp\/v2\/posts\/2287\/revisions"}],"wp:attachment":[{"href":"https:\/\/www.aarenson.hu\/en\/wp-json\/wp\/v2\/media?parent=2287"}],"wp:term":[{"taxonomy":"category","embeddable":true,"href":"https:\/\/www.aarenson.hu\/en\/wp-json\/wp\/v2\/categories?post=2287"},{"taxonomy":"post_tag","embeddable":true,"href":"https:\/\/www.aarenson.hu\/en\/wp-json\/wp\/v2\/tags?post=2287"}],"curies":[{"name":"wp","href":"https:\/\/api.w.org\/{rel}","templated":true}]}}