{"id":2838,"date":"2026-01-11T16:32:41","date_gmt":"2026-01-11T15:32:41","guid":{"rendered":"https:\/\/www.aarenson.hu\/?p=2838"},"modified":"2026-01-13T16:57:37","modified_gmt":"2026-01-13T15:57:37","slug":"fejvadaszat","status":"publish","type":"post","link":"https:\/\/www.aarenson.hu\/en\/magyar-mentoovve-valtak-a-minosegi-kapcsolatok-2-resz\/","title":{"rendered":"(Magyar) Ment\u0151\u00f6vv\u00e9 v\u00e1ltak a min\u0151s\u00e9gi kapcsolatok &#8211; 2.r\u00e9sz"},"content":{"rendered":"<p class=\"qtranxs-available-languages-message qtranxs-available-languages-message-en\">Sorry, this entry is only available in <a href=\"https:\/\/www.aarenson.hu\/hu\/wp-json\/wp\/v2\/posts\/2838\" class=\"qtranxs-available-language-link qtranxs-available-language-link-hu\" title=\"Magyar\">Magyar<\/a>.<\/p>","protected":false},"excerpt":{"rendered":"<p>Sorry, this entry is only available in Magyar.<\/p>\n","protected":false},"author":5,"featured_media":2851,"comment_status":"open","ping_status":"open","sticky":false,"template":"","format":"standard","meta":{"footnotes":""},"categories":[6],"tags":[24,28,15],"class_list":["post-2838","post","type-post","status-publish","format-standard","has-post-thumbnail","hentry","category-sajtomegjelenesek","tag-fejvadaszat","tag-munkaero-kereses","tag-munkaero-toborzas"],"yoast_head":"<!-- This site is optimized with the Yoast SEO Premium plugin v26.7 (Yoast SEO v26.7) - https:\/\/yoast.com\/wordpress\/plugins\/seo\/ -->\n<title>(Magyar) Ment\u0151\u00f6vv\u00e9 v\u00e1ltak a min\u0151s\u00e9gi kapcsolatok - 2.r\u00e9sz | Aarenson<\/title>\n<meta name=\"description\" content=\"(Magyar) Az \u00e1ll\u00e1skeres\u00e9s ma tudatos strat\u00e9gi\u00e1t ig\u00e9nyel. Fejvad\u00e1szat, toborz\u00e1s \u00e9s kapcsolati h\u00e1l\u00f3 n\u00e9lk\u00fcl k\u00f6nny\u0171 ki\u00e9gni a munkaer\u0151piacon.\" \/>\n<meta name=\"robots\" content=\"index, follow, max-snippet:-1, max-image-preview:large, max-video-preview:-1\" \/>\n<link rel=\"canonical\" href=\"https:\/\/www.aarenson.hu\/?p=2838\" \/>\n<meta property=\"og:locale\" content=\"en_US\" \/>\n<meta property=\"og:type\" content=\"article\" \/>\n<meta property=\"og:title\" content=\"(Magyar) Ment\u0151\u00f6vv\u00e9 v\u00e1ltak a min\u0151s\u00e9gi kapcsolatok - 2.r\u00e9sz\" \/>\n<meta property=\"og:description\" content=\"{:hu}Az \u00e1ll\u00e1skeres\u00e9s ma tudatos strat\u00e9gi\u00e1t ig\u00e9nyel. Fejvad\u00e1szat, toborz\u00e1s \u00e9s kapcsolati h\u00e1l\u00f3 n\u00e9lk\u00fcl k\u00f6nny\u0171 ki\u00e9gni a munkaer\u0151piacon.{:}\" \/>\n<meta property=\"og:url\" content=\"https:\/\/www.aarenson.hu\/?p=2838\" \/>\n<meta property=\"og:site_name\" content=\"Aarenson\" \/>\n<meta property=\"article:publisher\" content=\"https:\/\/www.facebook.com\/aarenson.consulting\/\" \/>\n<meta property=\"article:published_time\" content=\"2026-01-11T15:32:41+00:00\" \/>\n<meta property=\"article:modified_time\" content=\"2026-01-13T15:57:37+00:00\" \/>\n<meta property=\"og:image\" content=\"https:\/\/www.aarenson.hu\/wp-content\/uploads\/2026\/01\/minosegi-kapcsolatok.jpg\" \/>\n\t<meta property=\"og:image:width\" content=\"1279\" \/>\n\t<meta property=\"og:image:height\" content=\"853\" \/>\n\t<meta property=\"og:image:type\" content=\"image\/jpeg\" \/>\n<meta name=\"author\" content=\"peter.bogdanovits\" \/>\n<meta name=\"twitter:card\" content=\"summary_large_image\" \/>\n<meta name=\"twitter:label1\" content=\"Written by\" \/>\n\t<meta name=\"twitter:data1\" content=\"peter.bogdanovits\" \/>\n\t<meta name=\"twitter:label2\" content=\"Est. reading time\" \/>\n\t<meta name=\"twitter:data2\" content=\"5 minutes\" \/>\n<script type=\"application\/ld+json\" class=\"yoast-schema-graph\">{\"@context\":\"https:\/\/schema.org\",\"@graph\":[{\"@type\":\"Article\",\"@id\":\"https:\/\/www.aarenson.hu\/?p=2838#article\",\"isPartOf\":{\"@id\":\"https:\/\/www.aarenson.hu\/?p=2838\"},\"author\":{\"name\":\"peter.bogdanovits\",\"@id\":\"https:\/\/www.aarenson.hu\/#\/schema\/person\/8fa5ed3f05097ba57281430043af56fc\"},\"headline\":\"(Magyar) Ment\u0151\u00f6vv\u00e9 v\u00e1ltak a min\u0151s\u00e9gi kapcsolatok &#8211; 2.r\u00e9sz\",\"datePublished\":\"2026-01-11T15:32:41+00:00\",\"dateModified\":\"2026-01-13T15:57:37+00:00\",\"mainEntityOfPage\":{\"@id\":\"https:\/\/www.aarenson.hu\/?p=2838\"},\"wordCount\":1281,\"commentCount\":0,\"image\":{\"@id\":\"https:\/\/www.aarenson.hu\/?p=2838#primaryimage\"},\"thumbnailUrl\":\"https:\/\/www.aarenson.hu\/wp-content\/uploads\/2026\/01\/minosegi-kapcsolatok.jpg\",\"keywords\":[\"fejvad\u00e1szat\",\"munkaer\u0151 keres\u00e9s\",\"munkaer\u0151 toborz\u00e1s\"],\"articleSection\":[\"Sajt\u00f3megjelen\u00e9sek\"],\"inLanguage\":\"en-US\",\"potentialAction\":[{\"@type\":\"CommentAction\",\"name\":\"Comment\",\"target\":[\"https:\/\/www.aarenson.hu\/?p=2838#respond\"]}]},{\"@type\":\"WebPage\",\"@id\":\"https:\/\/www.aarenson.hu\/?p=2838\",\"url\":\"https:\/\/www.aarenson.hu\/?p=2838\",\"name\":\"(Magyar) Ment\u0151\u00f6vv\u00e9 v\u00e1ltak a min\u0151s\u00e9gi kapcsolatok - 2.r\u00e9sz | Aarenson\",\"isPartOf\":{\"@id\":\"https:\/\/www.aarenson.hu\/#website\"},\"primaryImageOfPage\":{\"@id\":\"https:\/\/www.aarenson.hu\/?p=2838#primaryimage\"},\"image\":{\"@id\":\"https:\/\/www.aarenson.hu\/?p=2838#primaryimage\"},\"thumbnailUrl\":\"https:\/\/www.aarenson.hu\/wp-content\/uploads\/2026\/01\/minosegi-kapcsolatok.jpg\",\"datePublished\":\"2026-01-11T15:32:41+00:00\",\"dateModified\":\"2026-01-13T15:57:37+00:00\",\"author\":{\"@id\":\"https:\/\/www.aarenson.hu\/#\/schema\/person\/8fa5ed3f05097ba57281430043af56fc\"},\"description\":\"{:hu}Az \u00e1ll\u00e1skeres\u00e9s ma tudatos strat\u00e9gi\u00e1t ig\u00e9nyel. Fejvad\u00e1szat, toborz\u00e1s \u00e9s kapcsolati h\u00e1l\u00f3 n\u00e9lk\u00fcl k\u00f6nny\u0171 ki\u00e9gni a munkaer\u0151piacon.{:}\",\"breadcrumb\":{\"@id\":\"https:\/\/www.aarenson.hu\/?p=2838#breadcrumb\"},\"inLanguage\":\"en-US\",\"potentialAction\":[{\"@type\":\"ReadAction\",\"target\":[\"https:\/\/www.aarenson.hu\/?p=2838\"]}]},{\"@type\":\"ImageObject\",\"inLanguage\":\"en-US\",\"@id\":\"https:\/\/www.aarenson.hu\/?p=2838#primaryimage\",\"url\":\"https:\/\/www.aarenson.hu\/wp-content\/uploads\/2026\/01\/minosegi-kapcsolatok.jpg\",\"contentUrl\":\"https:\/\/www.aarenson.hu\/wp-content\/uploads\/2026\/01\/minosegi-kapcsolatok.jpg\",\"width\":1279,\"height\":853,\"caption\":\"A min\u0151s\u00e9gi munkakapcsolatok fel\u00e9rt\u00e9kel\u0151dtek\"},{\"@type\":\"BreadcrumbList\",\"@id\":\"https:\/\/www.aarenson.hu\/?p=2838#breadcrumb\",\"itemListElement\":[{\"@type\":\"ListItem\",\"position\":1,\"name\":\"Home\",\"item\":\"https:\/\/www.aarenson.hu\/\"},{\"@type\":\"ListItem\",\"position\":2,\"name\":\"Ment\u0151\u00f6vv\u00e9 v\u00e1ltak a min\u0151s\u00e9gi kapcsolatok &#8211; 2.r\u00e9sz\"}]},{\"@type\":\"WebSite\",\"@id\":\"https:\/\/www.aarenson.hu\/#website\",\"url\":\"https:\/\/www.aarenson.hu\/\",\"name\":\"Aarenson\",\"description\":\"\",\"potentialAction\":[{\"@type\":\"SearchAction\",\"target\":{\"@type\":\"EntryPoint\",\"urlTemplate\":\"https:\/\/www.aarenson.hu\/?s={search_term_string}\"},\"query-input\":{\"@type\":\"PropertyValueSpecification\",\"valueRequired\":true,\"valueName\":\"search_term_string\"}}],\"inLanguage\":\"en-US\"},{\"@type\":\"Person\",\"@id\":\"https:\/\/www.aarenson.hu\/#\/schema\/person\/8fa5ed3f05097ba57281430043af56fc\",\"name\":\"peter.bogdanovits\",\"image\":{\"@type\":\"ImageObject\",\"inLanguage\":\"en-US\",\"@id\":\"https:\/\/www.aarenson.hu\/#\/schema\/person\/image\/\",\"url\":\"https:\/\/secure.gravatar.com\/avatar\/31109f463890235cccd3616933a8549320bc19884b342489a2ec21eda585276c?s=96&d=mm&r=g\",\"contentUrl\":\"https:\/\/secure.gravatar.com\/avatar\/31109f463890235cccd3616933a8549320bc19884b342489a2ec21eda585276c?s=96&d=mm&r=g\",\"caption\":\"peter.bogdanovits\"}}]}<\/script>\n<!-- \/ Yoast SEO Premium plugin. -->","yoast_head_json":{"title":"(Magyar) Ment\u0151\u00f6vv\u00e9 v\u00e1ltak a min\u0151s\u00e9gi kapcsolatok - 2.r\u00e9sz | Aarenson","description":"(Magyar) Az \u00e1ll\u00e1skeres\u00e9s ma tudatos strat\u00e9gi\u00e1t ig\u00e9nyel. Fejvad\u00e1szat, toborz\u00e1s \u00e9s kapcsolati h\u00e1l\u00f3 n\u00e9lk\u00fcl k\u00f6nny\u0171 ki\u00e9gni a munkaer\u0151piacon.","robots":{"index":"index","follow":"follow","max-snippet":"max-snippet:-1","max-image-preview":"max-image-preview:large","max-video-preview":"max-video-preview:-1"},"canonical":"https:\/\/www.aarenson.hu\/?p=2838","og_locale":"en_US","og_type":"article","og_title":"(Magyar) Ment\u0151\u00f6vv\u00e9 v\u00e1ltak a min\u0151s\u00e9gi kapcsolatok - 2.r\u00e9sz","og_description":"{:hu}Az \u00e1ll\u00e1skeres\u00e9s ma tudatos strat\u00e9gi\u00e1t ig\u00e9nyel. Fejvad\u00e1szat, toborz\u00e1s \u00e9s kapcsolati h\u00e1l\u00f3 n\u00e9lk\u00fcl k\u00f6nny\u0171 ki\u00e9gni a munkaer\u0151piacon.{:}","og_url":"https:\/\/www.aarenson.hu\/?p=2838","og_site_name":"Aarenson","article_publisher":"https:\/\/www.facebook.com\/aarenson.consulting\/","article_published_time":"2026-01-11T15:32:41+00:00","article_modified_time":"2026-01-13T15:57:37+00:00","og_image":[{"width":1279,"height":853,"url":"https:\/\/www.aarenson.hu\/wp-content\/uploads\/2026\/01\/minosegi-kapcsolatok.jpg","type":"image\/jpeg"}],"author":"peter.bogdanovits","twitter_card":"summary_large_image","twitter_misc":{"Written by":"peter.bogdanovits","Est. reading time":"5 minutes"},"schema":{"@context":"https:\/\/schema.org","@graph":[{"@type":"Article","@id":"https:\/\/www.aarenson.hu\/?p=2838#article","isPartOf":{"@id":"https:\/\/www.aarenson.hu\/?p=2838"},"author":{"name":"peter.bogdanovits","@id":"https:\/\/www.aarenson.hu\/#\/schema\/person\/8fa5ed3f05097ba57281430043af56fc"},"headline":"(Magyar) Ment\u0151\u00f6vv\u00e9 v\u00e1ltak a min\u0151s\u00e9gi kapcsolatok &#8211; 2.r\u00e9sz","datePublished":"2026-01-11T15:32:41+00:00","dateModified":"2026-01-13T15:57:37+00:00","mainEntityOfPage":{"@id":"https:\/\/www.aarenson.hu\/?p=2838"},"wordCount":1281,"commentCount":0,"image":{"@id":"https:\/\/www.aarenson.hu\/?p=2838#primaryimage"},"thumbnailUrl":"https:\/\/www.aarenson.hu\/wp-content\/uploads\/2026\/01\/minosegi-kapcsolatok.jpg","keywords":["fejvad\u00e1szat","munkaer\u0151 keres\u00e9s","munkaer\u0151 toborz\u00e1s"],"articleSection":["Sajt\u00f3megjelen\u00e9sek"],"inLanguage":"en-US","potentialAction":[{"@type":"CommentAction","name":"Comment","target":["https:\/\/www.aarenson.hu\/?p=2838#respond"]}]},{"@type":"WebPage","@id":"https:\/\/www.aarenson.hu\/?p=2838","url":"https:\/\/www.aarenson.hu\/?p=2838","name":"(Magyar) Ment\u0151\u00f6vv\u00e9 v\u00e1ltak a min\u0151s\u00e9gi kapcsolatok - 2.r\u00e9sz | Aarenson","isPartOf":{"@id":"https:\/\/www.aarenson.hu\/#website"},"primaryImageOfPage":{"@id":"https:\/\/www.aarenson.hu\/?p=2838#primaryimage"},"image":{"@id":"https:\/\/www.aarenson.hu\/?p=2838#primaryimage"},"thumbnailUrl":"https:\/\/www.aarenson.hu\/wp-content\/uploads\/2026\/01\/minosegi-kapcsolatok.jpg","datePublished":"2026-01-11T15:32:41+00:00","dateModified":"2026-01-13T15:57:37+00:00","author":{"@id":"https:\/\/www.aarenson.hu\/#\/schema\/person\/8fa5ed3f05097ba57281430043af56fc"},"description":"{:hu}Az \u00e1ll\u00e1skeres\u00e9s ma tudatos strat\u00e9gi\u00e1t ig\u00e9nyel. Fejvad\u00e1szat, toborz\u00e1s \u00e9s kapcsolati h\u00e1l\u00f3 n\u00e9lk\u00fcl k\u00f6nny\u0171 ki\u00e9gni a munkaer\u0151piacon.{:}","breadcrumb":{"@id":"https:\/\/www.aarenson.hu\/?p=2838#breadcrumb"},"inLanguage":"en-US","potentialAction":[{"@type":"ReadAction","target":["https:\/\/www.aarenson.hu\/?p=2838"]}]},{"@type":"ImageObject","inLanguage":"en-US","@id":"https:\/\/www.aarenson.hu\/?p=2838#primaryimage","url":"https:\/\/www.aarenson.hu\/wp-content\/uploads\/2026\/01\/minosegi-kapcsolatok.jpg","contentUrl":"https:\/\/www.aarenson.hu\/wp-content\/uploads\/2026\/01\/minosegi-kapcsolatok.jpg","width":1279,"height":853,"caption":"A min\u0151s\u00e9gi munkakapcsolatok fel\u00e9rt\u00e9kel\u0151dtek"},{"@type":"BreadcrumbList","@id":"https:\/\/www.aarenson.hu\/?p=2838#breadcrumb","itemListElement":[{"@type":"ListItem","position":1,"name":"Home","item":"https:\/\/www.aarenson.hu\/"},{"@type":"ListItem","position":2,"name":"Ment\u0151\u00f6vv\u00e9 v\u00e1ltak a min\u0151s\u00e9gi kapcsolatok &#8211; 2.r\u00e9sz"}]},{"@type":"WebSite","@id":"https:\/\/www.aarenson.hu\/#website","url":"https:\/\/www.aarenson.hu\/","name":"Aarenson","description":"","potentialAction":[{"@type":"SearchAction","target":{"@type":"EntryPoint","urlTemplate":"https:\/\/www.aarenson.hu\/?s={search_term_string}"},"query-input":{"@type":"PropertyValueSpecification","valueRequired":true,"valueName":"search_term_string"}}],"inLanguage":"en-US"},{"@type":"Person","@id":"https:\/\/www.aarenson.hu\/#\/schema\/person\/8fa5ed3f05097ba57281430043af56fc","name":"peter.bogdanovits","image":{"@type":"ImageObject","inLanguage":"en-US","@id":"https:\/\/www.aarenson.hu\/#\/schema\/person\/image\/","url":"https:\/\/secure.gravatar.com\/avatar\/31109f463890235cccd3616933a8549320bc19884b342489a2ec21eda585276c?s=96&d=mm&r=g","contentUrl":"https:\/\/secure.gravatar.com\/avatar\/31109f463890235cccd3616933a8549320bc19884b342489a2ec21eda585276c?s=96&d=mm&r=g","caption":"peter.bogdanovits"}}]}},"_links":{"self":[{"href":"https:\/\/www.aarenson.hu\/en\/wp-json\/wp\/v2\/posts\/2838","targetHints":{"allow":["GET"]}}],"collection":[{"href":"https:\/\/www.aarenson.hu\/en\/wp-json\/wp\/v2\/posts"}],"about":[{"href":"https:\/\/www.aarenson.hu\/en\/wp-json\/wp\/v2\/types\/post"}],"author":[{"embeddable":true,"href":"https:\/\/www.aarenson.hu\/en\/wp-json\/wp\/v2\/users\/5"}],"replies":[{"embeddable":true,"href":"https:\/\/www.aarenson.hu\/en\/wp-json\/wp\/v2\/comments?post=2838"}],"version-history":[{"count":0,"href":"https:\/\/www.aarenson.hu\/en\/wp-json\/wp\/v2\/posts\/2838\/revisions"}],"wp:featuredmedia":[{"embeddable":true,"href":"https:\/\/www.aarenson.hu\/en\/wp-json\/wp\/v2\/media\/2851"}],"wp:attachment":[{"href":"https:\/\/www.aarenson.hu\/en\/wp-json\/wp\/v2\/media?parent=2838"}],"wp:term":[{"taxonomy":"category","embeddable":true,"href":"https:\/\/www.aarenson.hu\/en\/wp-json\/wp\/v2\/categories?post=2838"},{"taxonomy":"post_tag","embeddable":true,"href":"https:\/\/www.aarenson.hu\/en\/wp-json\/wp\/v2\/tags?post=2838"}],"curies":[{"name":"wp","href":"https:\/\/api.w.org\/{rel}","templated":true}]}}