{"id":2845,"date":"2026-01-13T16:29:12","date_gmt":"2026-01-13T15:29:12","guid":{"rendered":"https:\/\/www.aarenson.hu\/?p=2845"},"modified":"2026-01-13T16:29:12","modified_gmt":"2026-01-13T15:29:12","slug":"vezetoi-allaskereses-ma-fejvadaszat-executive-search-es-toborzas","status":"publish","type":"post","link":"https:\/\/www.aarenson.hu\/en\/magyar-mentoovve-valtak-a-minosegi-kapcsolatok-3-resz\/","title":{"rendered":"(Magyar) Ment\u0151\u00f6vv\u00e9 v\u00e1ltak a min\u0151s\u00e9gi kapcsolatok &#8211; 3.r\u00e9sz"},"content":{"rendered":"<p class=\"qtranxs-available-languages-message qtranxs-available-languages-message-en\">Sorry, this entry is only available in <a href=\"https:\/\/www.aarenson.hu\/hu\/wp-json\/wp\/v2\/posts\/2845\" class=\"qtranxs-available-language-link qtranxs-available-language-link-hu\" title=\"Magyar\">Magyar<\/a>.<\/p>","protected":false},"excerpt":{"rendered":"<p>Sorry, this entry is only available in Magyar.<\/p>\n","protected":false},"author":5,"featured_media":2848,"comment_status":"open","ping_status":"open","sticky":false,"template":"","format":"standard","meta":{"footnotes":""},"categories":[6],"tags":[30,29,24],"class_list":["post-2845","post","type-post","status-publish","format-standard","has-post-thumbnail","hentry","category-sajtomegjelenesek","tag-allaskereses","tag-executive-search","tag-fejvadaszat"],"yoast_head":"<!-- This site is optimized with the Yoast SEO Premium plugin v26.7 (Yoast SEO v26.7) - https:\/\/yoast.com\/wordpress\/plugins\/seo\/ -->\n<title>(Magyar) Ment\u0151\u00f6vv\u00e9 v\u00e1ltak a min\u0151s\u00e9gi kapcsolatok - 3.r\u00e9sz | Aarenson<\/title>\n<meta name=\"description\" content=\"(Magyar) Mi\u00e9rt tart ma ak\u00e1r egy \u00e9vn\u00e9l tov\u00e1bb a vezet\u0151i \u00e1ll\u00e1skeres\u00e9s? Fejvad\u00e1szat, munkaer\u0151 toborz\u00e1s \u00e9s executive search szak\u00e9rt\u0151i szemmel.\" \/>\n<meta name=\"robots\" content=\"index, follow, max-snippet:-1, max-image-preview:large, max-video-preview:-1\" \/>\n<link rel=\"canonical\" href=\"https:\/\/www.aarenson.hu\/?p=2845\" \/>\n<meta property=\"og:locale\" content=\"en_US\" \/>\n<meta property=\"og:type\" content=\"article\" \/>\n<meta property=\"og:title\" content=\"(Magyar) Ment\u0151\u00f6vv\u00e9 v\u00e1ltak a min\u0151s\u00e9gi kapcsolatok - 3.r\u00e9sz\" \/>\n<meta property=\"og:description\" content=\"{:hu}Mi\u00e9rt tart ma ak\u00e1r egy \u00e9vn\u00e9l tov\u00e1bb a vezet\u0151i \u00e1ll\u00e1skeres\u00e9s? Fejvad\u00e1szat, munkaer\u0151 toborz\u00e1s \u00e9s executive search szak\u00e9rt\u0151i szemmel.{:}\" \/>\n<meta property=\"og:url\" content=\"https:\/\/www.aarenson.hu\/?p=2845\" \/>\n<meta property=\"og:site_name\" content=\"Aarenson\" \/>\n<meta property=\"article:publisher\" content=\"https:\/\/www.facebook.com\/aarenson.consulting\/\" \/>\n<meta property=\"article:published_time\" content=\"2026-01-13T15:29:12+00:00\" \/>\n<meta property=\"og:image\" content=\"https:\/\/www.aarenson.hu\/wp-content\/uploads\/2026\/01\/executive-job-search-headhunting.jpg\" \/>\n\t<meta property=\"og:image:width\" content=\"1279\" \/>\n\t<meta property=\"og:image:height\" content=\"853\" \/>\n\t<meta property=\"og:image:type\" content=\"image\/jpeg\" \/>\n<meta name=\"author\" content=\"peter.bogdanovits\" \/>\n<meta name=\"twitter:card\" content=\"summary_large_image\" \/>\n<meta name=\"twitter:label1\" content=\"Written by\" \/>\n\t<meta name=\"twitter:data1\" content=\"peter.bogdanovits\" \/>\n\t<meta name=\"twitter:label2\" content=\"Est. reading time\" \/>\n\t<meta name=\"twitter:data2\" content=\"4 minutes\" \/>\n<script type=\"application\/ld+json\" class=\"yoast-schema-graph\">{\"@context\":\"https:\/\/schema.org\",\"@graph\":[{\"@type\":\"Article\",\"@id\":\"https:\/\/www.aarenson.hu\/?p=2845#article\",\"isPartOf\":{\"@id\":\"https:\/\/www.aarenson.hu\/?p=2845\"},\"author\":{\"name\":\"peter.bogdanovits\",\"@id\":\"https:\/\/www.aarenson.hu\/#\/schema\/person\/8fa5ed3f05097ba57281430043af56fc\"},\"headline\":\"(Magyar) Ment\u0151\u00f6vv\u00e9 v\u00e1ltak a min\u0151s\u00e9gi kapcsolatok &#8211; 3.r\u00e9sz\",\"datePublished\":\"2026-01-13T15:29:12+00:00\",\"mainEntityOfPage\":{\"@id\":\"https:\/\/www.aarenson.hu\/?p=2845\"},\"wordCount\":1102,\"commentCount\":0,\"image\":{\"@id\":\"https:\/\/www.aarenson.hu\/?p=2845#primaryimage\"},\"thumbnailUrl\":\"https:\/\/www.aarenson.hu\/wp-content\/uploads\/2026\/01\/executive-job-search-headhunting.jpg\",\"keywords\":[\"\u00e1ll\u00e1skeres\u00e9s\",\"executive search\",\"fejvad\u00e1szat\"],\"articleSection\":[\"Sajt\u00f3megjelen\u00e9sek\"],\"inLanguage\":\"en-US\",\"potentialAction\":[{\"@type\":\"CommentAction\",\"name\":\"Comment\",\"target\":[\"https:\/\/www.aarenson.hu\/?p=2845#respond\"]}]},{\"@type\":\"WebPage\",\"@id\":\"https:\/\/www.aarenson.hu\/?p=2845\",\"url\":\"https:\/\/www.aarenson.hu\/?p=2845\",\"name\":\"(Magyar) Ment\u0151\u00f6vv\u00e9 v\u00e1ltak a min\u0151s\u00e9gi kapcsolatok - 3.r\u00e9sz | Aarenson\",\"isPartOf\":{\"@id\":\"https:\/\/www.aarenson.hu\/#website\"},\"primaryImageOfPage\":{\"@id\":\"https:\/\/www.aarenson.hu\/?p=2845#primaryimage\"},\"image\":{\"@id\":\"https:\/\/www.aarenson.hu\/?p=2845#primaryimage\"},\"thumbnailUrl\":\"https:\/\/www.aarenson.hu\/wp-content\/uploads\/2026\/01\/executive-job-search-headhunting.jpg\",\"datePublished\":\"2026-01-13T15:29:12+00:00\",\"author\":{\"@id\":\"https:\/\/www.aarenson.hu\/#\/schema\/person\/8fa5ed3f05097ba57281430043af56fc\"},\"description\":\"{:hu}Mi\u00e9rt tart ma ak\u00e1r egy \u00e9vn\u00e9l tov\u00e1bb a vezet\u0151i \u00e1ll\u00e1skeres\u00e9s? Fejvad\u00e1szat, munkaer\u0151 toborz\u00e1s \u00e9s executive search szak\u00e9rt\u0151i szemmel.{:}\",\"breadcrumb\":{\"@id\":\"https:\/\/www.aarenson.hu\/?p=2845#breadcrumb\"},\"inLanguage\":\"en-US\",\"potentialAction\":[{\"@type\":\"ReadAction\",\"target\":[\"https:\/\/www.aarenson.hu\/?p=2845\"]}]},{\"@type\":\"ImageObject\",\"inLanguage\":\"en-US\",\"@id\":\"https:\/\/www.aarenson.hu\/?p=2845#primaryimage\",\"url\":\"https:\/\/www.aarenson.hu\/wp-content\/uploads\/2026\/01\/executive-job-search-headhunting.jpg\",\"contentUrl\":\"https:\/\/www.aarenson.hu\/wp-content\/uploads\/2026\/01\/executive-job-search-headhunting.jpg\",\"width\":1279,\"height\":853,\"caption\":\"Mi\u00e9rt tart ma tov\u00e1bb a vezet\u0151i \u00e1ll\u00e1skeres\u00e9s?\"},{\"@type\":\"BreadcrumbList\",\"@id\":\"https:\/\/www.aarenson.hu\/?p=2845#breadcrumb\",\"itemListElement\":[{\"@type\":\"ListItem\",\"position\":1,\"name\":\"Home\",\"item\":\"https:\/\/www.aarenson.hu\/\"},{\"@type\":\"ListItem\",\"position\":2,\"name\":\"Ment\u0151\u00f6vv\u00e9 v\u00e1ltak a min\u0151s\u00e9gi kapcsolatok &#8211; 3.r\u00e9sz\"}]},{\"@type\":\"WebSite\",\"@id\":\"https:\/\/www.aarenson.hu\/#website\",\"url\":\"https:\/\/www.aarenson.hu\/\",\"name\":\"Aarenson\",\"description\":\"\",\"potentialAction\":[{\"@type\":\"SearchAction\",\"target\":{\"@type\":\"EntryPoint\",\"urlTemplate\":\"https:\/\/www.aarenson.hu\/?s={search_term_string}\"},\"query-input\":{\"@type\":\"PropertyValueSpecification\",\"valueRequired\":true,\"valueName\":\"search_term_string\"}}],\"inLanguage\":\"en-US\"},{\"@type\":\"Person\",\"@id\":\"https:\/\/www.aarenson.hu\/#\/schema\/person\/8fa5ed3f05097ba57281430043af56fc\",\"name\":\"peter.bogdanovits\",\"image\":{\"@type\":\"ImageObject\",\"inLanguage\":\"en-US\",\"@id\":\"https:\/\/www.aarenson.hu\/#\/schema\/person\/image\/\",\"url\":\"https:\/\/secure.gravatar.com\/avatar\/31109f463890235cccd3616933a8549320bc19884b342489a2ec21eda585276c?s=96&d=mm&r=g\",\"contentUrl\":\"https:\/\/secure.gravatar.com\/avatar\/31109f463890235cccd3616933a8549320bc19884b342489a2ec21eda585276c?s=96&d=mm&r=g\",\"caption\":\"peter.bogdanovits\"}}]}<\/script>\n<!-- \/ Yoast SEO Premium plugin. -->","yoast_head_json":{"title":"(Magyar) Ment\u0151\u00f6vv\u00e9 v\u00e1ltak a min\u0151s\u00e9gi kapcsolatok - 3.r\u00e9sz | Aarenson","description":"(Magyar) Mi\u00e9rt tart ma ak\u00e1r egy \u00e9vn\u00e9l tov\u00e1bb a vezet\u0151i \u00e1ll\u00e1skeres\u00e9s? Fejvad\u00e1szat, munkaer\u0151 toborz\u00e1s \u00e9s executive search szak\u00e9rt\u0151i szemmel.","robots":{"index":"index","follow":"follow","max-snippet":"max-snippet:-1","max-image-preview":"max-image-preview:large","max-video-preview":"max-video-preview:-1"},"canonical":"https:\/\/www.aarenson.hu\/?p=2845","og_locale":"en_US","og_type":"article","og_title":"(Magyar) Ment\u0151\u00f6vv\u00e9 v\u00e1ltak a min\u0151s\u00e9gi kapcsolatok - 3.r\u00e9sz","og_description":"{:hu}Mi\u00e9rt tart ma ak\u00e1r egy \u00e9vn\u00e9l tov\u00e1bb a vezet\u0151i \u00e1ll\u00e1skeres\u00e9s? Fejvad\u00e1szat, munkaer\u0151 toborz\u00e1s \u00e9s executive search szak\u00e9rt\u0151i szemmel.{:}","og_url":"https:\/\/www.aarenson.hu\/?p=2845","og_site_name":"Aarenson","article_publisher":"https:\/\/www.facebook.com\/aarenson.consulting\/","article_published_time":"2026-01-13T15:29:12+00:00","og_image":[{"width":1279,"height":853,"url":"https:\/\/www.aarenson.hu\/wp-content\/uploads\/2026\/01\/executive-job-search-headhunting.jpg","type":"image\/jpeg"}],"author":"peter.bogdanovits","twitter_card":"summary_large_image","twitter_misc":{"Written by":"peter.bogdanovits","Est. reading time":"4 minutes"},"schema":{"@context":"https:\/\/schema.org","@graph":[{"@type":"Article","@id":"https:\/\/www.aarenson.hu\/?p=2845#article","isPartOf":{"@id":"https:\/\/www.aarenson.hu\/?p=2845"},"author":{"name":"peter.bogdanovits","@id":"https:\/\/www.aarenson.hu\/#\/schema\/person\/8fa5ed3f05097ba57281430043af56fc"},"headline":"(Magyar) Ment\u0151\u00f6vv\u00e9 v\u00e1ltak a min\u0151s\u00e9gi kapcsolatok &#8211; 3.r\u00e9sz","datePublished":"2026-01-13T15:29:12+00:00","mainEntityOfPage":{"@id":"https:\/\/www.aarenson.hu\/?p=2845"},"wordCount":1102,"commentCount":0,"image":{"@id":"https:\/\/www.aarenson.hu\/?p=2845#primaryimage"},"thumbnailUrl":"https:\/\/www.aarenson.hu\/wp-content\/uploads\/2026\/01\/executive-job-search-headhunting.jpg","keywords":["\u00e1ll\u00e1skeres\u00e9s","executive search","fejvad\u00e1szat"],"articleSection":["Sajt\u00f3megjelen\u00e9sek"],"inLanguage":"en-US","potentialAction":[{"@type":"CommentAction","name":"Comment","target":["https:\/\/www.aarenson.hu\/?p=2845#respond"]}]},{"@type":"WebPage","@id":"https:\/\/www.aarenson.hu\/?p=2845","url":"https:\/\/www.aarenson.hu\/?p=2845","name":"(Magyar) Ment\u0151\u00f6vv\u00e9 v\u00e1ltak a min\u0151s\u00e9gi kapcsolatok - 3.r\u00e9sz | Aarenson","isPartOf":{"@id":"https:\/\/www.aarenson.hu\/#website"},"primaryImageOfPage":{"@id":"https:\/\/www.aarenson.hu\/?p=2845#primaryimage"},"image":{"@id":"https:\/\/www.aarenson.hu\/?p=2845#primaryimage"},"thumbnailUrl":"https:\/\/www.aarenson.hu\/wp-content\/uploads\/2026\/01\/executive-job-search-headhunting.jpg","datePublished":"2026-01-13T15:29:12+00:00","author":{"@id":"https:\/\/www.aarenson.hu\/#\/schema\/person\/8fa5ed3f05097ba57281430043af56fc"},"description":"{:hu}Mi\u00e9rt tart ma ak\u00e1r egy \u00e9vn\u00e9l tov\u00e1bb a vezet\u0151i \u00e1ll\u00e1skeres\u00e9s? Fejvad\u00e1szat, munkaer\u0151 toborz\u00e1s \u00e9s executive search szak\u00e9rt\u0151i szemmel.{:}","breadcrumb":{"@id":"https:\/\/www.aarenson.hu\/?p=2845#breadcrumb"},"inLanguage":"en-US","potentialAction":[{"@type":"ReadAction","target":["https:\/\/www.aarenson.hu\/?p=2845"]}]},{"@type":"ImageObject","inLanguage":"en-US","@id":"https:\/\/www.aarenson.hu\/?p=2845#primaryimage","url":"https:\/\/www.aarenson.hu\/wp-content\/uploads\/2026\/01\/executive-job-search-headhunting.jpg","contentUrl":"https:\/\/www.aarenson.hu\/wp-content\/uploads\/2026\/01\/executive-job-search-headhunting.jpg","width":1279,"height":853,"caption":"Mi\u00e9rt tart ma tov\u00e1bb a vezet\u0151i \u00e1ll\u00e1skeres\u00e9s?"},{"@type":"BreadcrumbList","@id":"https:\/\/www.aarenson.hu\/?p=2845#breadcrumb","itemListElement":[{"@type":"ListItem","position":1,"name":"Home","item":"https:\/\/www.aarenson.hu\/"},{"@type":"ListItem","position":2,"name":"Ment\u0151\u00f6vv\u00e9 v\u00e1ltak a min\u0151s\u00e9gi kapcsolatok &#8211; 3.r\u00e9sz"}]},{"@type":"WebSite","@id":"https:\/\/www.aarenson.hu\/#website","url":"https:\/\/www.aarenson.hu\/","name":"Aarenson","description":"","potentialAction":[{"@type":"SearchAction","target":{"@type":"EntryPoint","urlTemplate":"https:\/\/www.aarenson.hu\/?s={search_term_string}"},"query-input":{"@type":"PropertyValueSpecification","valueRequired":true,"valueName":"search_term_string"}}],"inLanguage":"en-US"},{"@type":"Person","@id":"https:\/\/www.aarenson.hu\/#\/schema\/person\/8fa5ed3f05097ba57281430043af56fc","name":"peter.bogdanovits","image":{"@type":"ImageObject","inLanguage":"en-US","@id":"https:\/\/www.aarenson.hu\/#\/schema\/person\/image\/","url":"https:\/\/secure.gravatar.com\/avatar\/31109f463890235cccd3616933a8549320bc19884b342489a2ec21eda585276c?s=96&d=mm&r=g","contentUrl":"https:\/\/secure.gravatar.com\/avatar\/31109f463890235cccd3616933a8549320bc19884b342489a2ec21eda585276c?s=96&d=mm&r=g","caption":"peter.bogdanovits"}}]}},"_links":{"self":[{"href":"https:\/\/www.aarenson.hu\/en\/wp-json\/wp\/v2\/posts\/2845","targetHints":{"allow":["GET"]}}],"collection":[{"href":"https:\/\/www.aarenson.hu\/en\/wp-json\/wp\/v2\/posts"}],"about":[{"href":"https:\/\/www.aarenson.hu\/en\/wp-json\/wp\/v2\/types\/post"}],"author":[{"embeddable":true,"href":"https:\/\/www.aarenson.hu\/en\/wp-json\/wp\/v2\/users\/5"}],"replies":[{"embeddable":true,"href":"https:\/\/www.aarenson.hu\/en\/wp-json\/wp\/v2\/comments?post=2845"}],"version-history":[{"count":0,"href":"https:\/\/www.aarenson.hu\/en\/wp-json\/wp\/v2\/posts\/2845\/revisions"}],"wp:featuredmedia":[{"embeddable":true,"href":"https:\/\/www.aarenson.hu\/en\/wp-json\/wp\/v2\/media\/2848"}],"wp:attachment":[{"href":"https:\/\/www.aarenson.hu\/en\/wp-json\/wp\/v2\/media?parent=2845"}],"wp:term":[{"taxonomy":"category","embeddable":true,"href":"https:\/\/www.aarenson.hu\/en\/wp-json\/wp\/v2\/categories?post=2845"},{"taxonomy":"post_tag","embeddable":true,"href":"https:\/\/www.aarenson.hu\/en\/wp-json\/wp\/v2\/tags?post=2845"}],"curies":[{"name":"wp","href":"https:\/\/api.w.org\/{rel}","templated":true}]}}