{"id":2858,"date":"2026-01-15T20:02:25","date_gmt":"2026-01-15T19:02:25","guid":{"rendered":"https:\/\/www.aarenson.hu\/?p=2858"},"modified":"2026-01-15T20:02:25","modified_gmt":"2026-01-15T19:02:25","slug":"egyik-csata-a-masik-utan-a-filmvasznon-erzik-magukat-a-hr-esek","status":"publish","type":"post","link":"https:\/\/www.aarenson.hu\/en\/magyar-egyik-csata-a-masik-utan-a-filmvasznon-erzik-magukat-a-hr-esek\/","title":{"rendered":"(Magyar) Egyik csata a m\u00e1sik ut\u00e1n \u2013 a filmv\u00e1sznon \u00e9rzik magukat a HR-esek"},"content":{"rendered":"<p class=\"qtranxs-available-languages-message qtranxs-available-languages-message-en\">Sorry, this entry is only available in <a href=\"https:\/\/www.aarenson.hu\/hu\/wp-json\/wp\/v2\/posts\/2858\" class=\"qtranxs-available-language-link qtranxs-available-language-link-hu\" title=\"Magyar\">Magyar<\/a>.<\/p>","protected":false},"excerpt":{"rendered":"<p>Sorry, this entry is only available in Magyar.<\/p>\n","protected":false},"author":5,"featured_media":2861,"comment_status":"open","ping_status":"open","sticky":false,"template":"","format":"standard","meta":{"footnotes":""},"categories":[7],"tags":[24,32,25,31],"class_list":["post-2858","post","type-post","status-publish","format-standard","has-post-thumbnail","hentry","category-blogbejegyzesek","tag-fejvadaszat","tag-hr-es-tapasztalatok","tag-munkaero-kozvetites","tag-toborzas"],"yoast_head":"<!-- This site is optimized with the Yoast SEO Premium plugin v26.7 (Yoast SEO v26.7) - https:\/\/yoast.com\/wordpress\/plugins\/seo\/ -->\n<title>(Magyar) Egyik csata a m\u00e1sik ut\u00e1n \u2013 20 \u00e9v fejvad\u00e1szat bel\u00fclr\u0151l \ud83c\udff9<\/title>\n<meta name=\"description\" content=\"(Magyar) Minden nap m\u00e1s kih\u00edv\u00e1s! Hogyan v\u00e1ltozott a fejvad\u00e1szat, \u00e9s munkaer\u0151-toborz\u00e1s az elm\u00falt 20 \u00e9vben? Szem\u00e9lyes, szak\u00e9rt\u0151i HR-tapasztalat.\" \/>\n<meta name=\"robots\" content=\"index, follow, max-snippet:-1, max-image-preview:large, max-video-preview:-1\" \/>\n<link rel=\"canonical\" href=\"https:\/\/www.aarenson.hu\/?p=2858\" \/>\n<meta property=\"og:locale\" content=\"en_US\" \/>\n<meta property=\"og:type\" content=\"article\" \/>\n<meta property=\"og:title\" content=\"(Magyar) Egyik csata a m\u00e1sik ut\u00e1n \u2013 a filmv\u00e1sznon \u00e9rzik magukat a HR-esek\" \/>\n<meta property=\"og:description\" content=\"{:hu}Minden nap m\u00e1s kih\u00edv\u00e1s! Hogyan v\u00e1ltozott a fejvad\u00e1szat, \u00e9s munkaer\u0151-toborz\u00e1s az elm\u00falt 20 \u00e9vben? Szem\u00e9lyes, szak\u00e9rt\u0151i HR-tapasztalat.{:}\" \/>\n<meta property=\"og:url\" content=\"https:\/\/www.aarenson.hu\/?p=2858\" \/>\n<meta property=\"og:site_name\" content=\"Aarenson\" \/>\n<meta property=\"article:publisher\" content=\"https:\/\/www.facebook.com\/aarenson.consulting\/\" \/>\n<meta property=\"article:published_time\" content=\"2026-01-15T19:02:25+00:00\" \/>\n<meta property=\"og:image\" content=\"https:\/\/www.aarenson.hu\/wp-content\/uploads\/2026\/01\/fejvadaszat-munkaero-toborzas-hr.jpg\" \/>\n\t<meta property=\"og:image:width\" content=\"1920\" \/>\n\t<meta property=\"og:image:height\" content=\"1277\" \/>\n\t<meta property=\"og:image:type\" content=\"image\/jpeg\" \/>\n<meta name=\"author\" content=\"peter.bogdanovits\" \/>\n<meta name=\"twitter:card\" content=\"summary_large_image\" \/>\n<meta name=\"twitter:label1\" content=\"Written by\" \/>\n\t<meta name=\"twitter:data1\" content=\"peter.bogdanovits\" \/>\n\t<meta name=\"twitter:label2\" content=\"Est. reading time\" \/>\n\t<meta name=\"twitter:data2\" content=\"5 minutes\" \/>\n<script type=\"application\/ld+json\" class=\"yoast-schema-graph\">{\"@context\":\"https:\/\/schema.org\",\"@graph\":[{\"@type\":[\"Article\",\"BlogPosting\"],\"@id\":\"https:\/\/www.aarenson.hu\/?p=2858#article\",\"isPartOf\":{\"@id\":\"https:\/\/www.aarenson.hu\/?p=2858\"},\"author\":{\"name\":\"peter.bogdanovits\",\"@id\":\"https:\/\/www.aarenson.hu\/#\/schema\/person\/8fa5ed3f05097ba57281430043af56fc\"},\"headline\":\"(Magyar) Egyik csata a m\u00e1sik ut\u00e1n \u2013 a filmv\u00e1sznon \u00e9rzik magukat a HR-esek\",\"datePublished\":\"2026-01-15T19:02:25+00:00\",\"mainEntityOfPage\":{\"@id\":\"https:\/\/www.aarenson.hu\/?p=2858\"},\"wordCount\":1142,\"commentCount\":0,\"image\":{\"@id\":\"https:\/\/www.aarenson.hu\/?p=2858#primaryimage\"},\"thumbnailUrl\":\"https:\/\/www.aarenson.hu\/wp-content\/uploads\/2026\/01\/fejvadaszat-munkaero-toborzas-hr.jpg\",\"keywords\":[\"fejvad\u00e1szat\",\"HR-es tapasztalatok\",\"munkaer\u0151 k\u00f6zvet\u00edt\u00e9s\",\"toborz\u00e1s\"],\"articleSection\":[\"Blogbejegyz\u00e9sek\"],\"inLanguage\":\"en-US\",\"potentialAction\":[{\"@type\":\"CommentAction\",\"name\":\"Comment\",\"target\":[\"https:\/\/www.aarenson.hu\/?p=2858#respond\"]}]},{\"@type\":\"WebPage\",\"@id\":\"https:\/\/www.aarenson.hu\/?p=2858\",\"url\":\"https:\/\/www.aarenson.hu\/?p=2858\",\"name\":\"[:hu]Egyik csata a m\u00e1sik ut\u00e1n \u2013 20 \u00e9v fejvad\u00e1szat bel\u00fclr\u0151l \ud83c\udff9 [:]\",\"isPartOf\":{\"@id\":\"https:\/\/www.aarenson.hu\/#website\"},\"primaryImageOfPage\":{\"@id\":\"https:\/\/www.aarenson.hu\/?p=2858#primaryimage\"},\"image\":{\"@id\":\"https:\/\/www.aarenson.hu\/?p=2858#primaryimage\"},\"thumbnailUrl\":\"https:\/\/www.aarenson.hu\/wp-content\/uploads\/2026\/01\/fejvadaszat-munkaero-toborzas-hr.jpg\",\"datePublished\":\"2026-01-15T19:02:25+00:00\",\"author\":{\"@id\":\"https:\/\/www.aarenson.hu\/#\/schema\/person\/8fa5ed3f05097ba57281430043af56fc\"},\"description\":\"{:hu}Minden nap m\u00e1s kih\u00edv\u00e1s! Hogyan v\u00e1ltozott a fejvad\u00e1szat, \u00e9s munkaer\u0151-toborz\u00e1s az elm\u00falt 20 \u00e9vben? Szem\u00e9lyes, szak\u00e9rt\u0151i HR-tapasztalat.{:}\",\"breadcrumb\":{\"@id\":\"https:\/\/www.aarenson.hu\/?p=2858#breadcrumb\"},\"inLanguage\":\"en-US\",\"potentialAction\":[{\"@type\":\"ReadAction\",\"target\":[\"https:\/\/www.aarenson.hu\/?p=2858\"]}]},{\"@type\":\"ImageObject\",\"inLanguage\":\"en-US\",\"@id\":\"https:\/\/www.aarenson.hu\/?p=2858#primaryimage\",\"url\":\"https:\/\/www.aarenson.hu\/wp-content\/uploads\/2026\/01\/fejvadaszat-munkaero-toborzas-hr.jpg\",\"contentUrl\":\"https:\/\/www.aarenson.hu\/wp-content\/uploads\/2026\/01\/fejvadaszat-munkaero-toborzas-hr.jpg\",\"width\":1920,\"height\":1277,\"caption\":\"Csatamez\u0151n \u00e9rezheti mag\u00e1t a HR-es\"},{\"@type\":\"BreadcrumbList\",\"@id\":\"https:\/\/www.aarenson.hu\/?p=2858#breadcrumb\",\"itemListElement\":[{\"@type\":\"ListItem\",\"position\":1,\"name\":\"Home\",\"item\":\"https:\/\/www.aarenson.hu\/\"},{\"@type\":\"ListItem\",\"position\":2,\"name\":\"Egyik csata a m\u00e1sik ut\u00e1n \u2013 a filmv\u00e1sznon \u00e9rzik magukat a HR-esek\"}]},{\"@type\":\"WebSite\",\"@id\":\"https:\/\/www.aarenson.hu\/#website\",\"url\":\"https:\/\/www.aarenson.hu\/\",\"name\":\"Aarenson\",\"description\":\"\",\"potentialAction\":[{\"@type\":\"SearchAction\",\"target\":{\"@type\":\"EntryPoint\",\"urlTemplate\":\"https:\/\/www.aarenson.hu\/?s={search_term_string}\"},\"query-input\":{\"@type\":\"PropertyValueSpecification\",\"valueRequired\":true,\"valueName\":\"search_term_string\"}}],\"inLanguage\":\"en-US\"},{\"@type\":\"Person\",\"@id\":\"https:\/\/www.aarenson.hu\/#\/schema\/person\/8fa5ed3f05097ba57281430043af56fc\",\"name\":\"peter.bogdanovits\",\"image\":{\"@type\":\"ImageObject\",\"inLanguage\":\"en-US\",\"@id\":\"https:\/\/www.aarenson.hu\/#\/schema\/person\/image\/\",\"url\":\"https:\/\/secure.gravatar.com\/avatar\/31109f463890235cccd3616933a8549320bc19884b342489a2ec21eda585276c?s=96&d=mm&r=g\",\"contentUrl\":\"https:\/\/secure.gravatar.com\/avatar\/31109f463890235cccd3616933a8549320bc19884b342489a2ec21eda585276c?s=96&d=mm&r=g\",\"caption\":\"peter.bogdanovits\"}}]}<\/script>\n<!-- \/ Yoast SEO Premium plugin. -->","yoast_head_json":{"title":"(Magyar) Egyik csata a m\u00e1sik ut\u00e1n \u2013 20 \u00e9v fejvad\u00e1szat bel\u00fclr\u0151l \ud83c\udff9","description":"(Magyar) Minden nap m\u00e1s kih\u00edv\u00e1s! Hogyan v\u00e1ltozott a fejvad\u00e1szat, \u00e9s munkaer\u0151-toborz\u00e1s az elm\u00falt 20 \u00e9vben? Szem\u00e9lyes, szak\u00e9rt\u0151i HR-tapasztalat.","robots":{"index":"index","follow":"follow","max-snippet":"max-snippet:-1","max-image-preview":"max-image-preview:large","max-video-preview":"max-video-preview:-1"},"canonical":"https:\/\/www.aarenson.hu\/?p=2858","og_locale":"en_US","og_type":"article","og_title":"(Magyar) Egyik csata a m\u00e1sik ut\u00e1n \u2013 a filmv\u00e1sznon \u00e9rzik magukat a HR-esek","og_description":"{:hu}Minden nap m\u00e1s kih\u00edv\u00e1s! Hogyan v\u00e1ltozott a fejvad\u00e1szat, \u00e9s munkaer\u0151-toborz\u00e1s az elm\u00falt 20 \u00e9vben? Szem\u00e9lyes, szak\u00e9rt\u0151i HR-tapasztalat.{:}","og_url":"https:\/\/www.aarenson.hu\/?p=2858","og_site_name":"Aarenson","article_publisher":"https:\/\/www.facebook.com\/aarenson.consulting\/","article_published_time":"2026-01-15T19:02:25+00:00","og_image":[{"width":1920,"height":1277,"url":"https:\/\/www.aarenson.hu\/wp-content\/uploads\/2026\/01\/fejvadaszat-munkaero-toborzas-hr.jpg","type":"image\/jpeg"}],"author":"peter.bogdanovits","twitter_card":"summary_large_image","twitter_misc":{"Written by":"peter.bogdanovits","Est. reading time":"5 minutes"},"schema":{"@context":"https:\/\/schema.org","@graph":[{"@type":["Article","BlogPosting"],"@id":"https:\/\/www.aarenson.hu\/?p=2858#article","isPartOf":{"@id":"https:\/\/www.aarenson.hu\/?p=2858"},"author":{"name":"peter.bogdanovits","@id":"https:\/\/www.aarenson.hu\/#\/schema\/person\/8fa5ed3f05097ba57281430043af56fc"},"headline":"(Magyar) Egyik csata a m\u00e1sik ut\u00e1n \u2013 a filmv\u00e1sznon \u00e9rzik magukat a HR-esek","datePublished":"2026-01-15T19:02:25+00:00","mainEntityOfPage":{"@id":"https:\/\/www.aarenson.hu\/?p=2858"},"wordCount":1142,"commentCount":0,"image":{"@id":"https:\/\/www.aarenson.hu\/?p=2858#primaryimage"},"thumbnailUrl":"https:\/\/www.aarenson.hu\/wp-content\/uploads\/2026\/01\/fejvadaszat-munkaero-toborzas-hr.jpg","keywords":["fejvad\u00e1szat","HR-es tapasztalatok","munkaer\u0151 k\u00f6zvet\u00edt\u00e9s","toborz\u00e1s"],"articleSection":["Blogbejegyz\u00e9sek"],"inLanguage":"en-US","potentialAction":[{"@type":"CommentAction","name":"Comment","target":["https:\/\/www.aarenson.hu\/?p=2858#respond"]}]},{"@type":"WebPage","@id":"https:\/\/www.aarenson.hu\/?p=2858","url":"https:\/\/www.aarenson.hu\/?p=2858","name":"[:hu]Egyik csata a m\u00e1sik ut\u00e1n \u2013 20 \u00e9v fejvad\u00e1szat bel\u00fclr\u0151l \ud83c\udff9 [:]","isPartOf":{"@id":"https:\/\/www.aarenson.hu\/#website"},"primaryImageOfPage":{"@id":"https:\/\/www.aarenson.hu\/?p=2858#primaryimage"},"image":{"@id":"https:\/\/www.aarenson.hu\/?p=2858#primaryimage"},"thumbnailUrl":"https:\/\/www.aarenson.hu\/wp-content\/uploads\/2026\/01\/fejvadaszat-munkaero-toborzas-hr.jpg","datePublished":"2026-01-15T19:02:25+00:00","author":{"@id":"https:\/\/www.aarenson.hu\/#\/schema\/person\/8fa5ed3f05097ba57281430043af56fc"},"description":"{:hu}Minden nap m\u00e1s kih\u00edv\u00e1s! Hogyan v\u00e1ltozott a fejvad\u00e1szat, \u00e9s munkaer\u0151-toborz\u00e1s az elm\u00falt 20 \u00e9vben? Szem\u00e9lyes, szak\u00e9rt\u0151i HR-tapasztalat.{:}","breadcrumb":{"@id":"https:\/\/www.aarenson.hu\/?p=2858#breadcrumb"},"inLanguage":"en-US","potentialAction":[{"@type":"ReadAction","target":["https:\/\/www.aarenson.hu\/?p=2858"]}]},{"@type":"ImageObject","inLanguage":"en-US","@id":"https:\/\/www.aarenson.hu\/?p=2858#primaryimage","url":"https:\/\/www.aarenson.hu\/wp-content\/uploads\/2026\/01\/fejvadaszat-munkaero-toborzas-hr.jpg","contentUrl":"https:\/\/www.aarenson.hu\/wp-content\/uploads\/2026\/01\/fejvadaszat-munkaero-toborzas-hr.jpg","width":1920,"height":1277,"caption":"Csatamez\u0151n \u00e9rezheti mag\u00e1t a HR-es"},{"@type":"BreadcrumbList","@id":"https:\/\/www.aarenson.hu\/?p=2858#breadcrumb","itemListElement":[{"@type":"ListItem","position":1,"name":"Home","item":"https:\/\/www.aarenson.hu\/"},{"@type":"ListItem","position":2,"name":"Egyik csata a m\u00e1sik ut\u00e1n \u2013 a filmv\u00e1sznon \u00e9rzik magukat a HR-esek"}]},{"@type":"WebSite","@id":"https:\/\/www.aarenson.hu\/#website","url":"https:\/\/www.aarenson.hu\/","name":"Aarenson","description":"","potentialAction":[{"@type":"SearchAction","target":{"@type":"EntryPoint","urlTemplate":"https:\/\/www.aarenson.hu\/?s={search_term_string}"},"query-input":{"@type":"PropertyValueSpecification","valueRequired":true,"valueName":"search_term_string"}}],"inLanguage":"en-US"},{"@type":"Person","@id":"https:\/\/www.aarenson.hu\/#\/schema\/person\/8fa5ed3f05097ba57281430043af56fc","name":"peter.bogdanovits","image":{"@type":"ImageObject","inLanguage":"en-US","@id":"https:\/\/www.aarenson.hu\/#\/schema\/person\/image\/","url":"https:\/\/secure.gravatar.com\/avatar\/31109f463890235cccd3616933a8549320bc19884b342489a2ec21eda585276c?s=96&d=mm&r=g","contentUrl":"https:\/\/secure.gravatar.com\/avatar\/31109f463890235cccd3616933a8549320bc19884b342489a2ec21eda585276c?s=96&d=mm&r=g","caption":"peter.bogdanovits"}}]}},"_links":{"self":[{"href":"https:\/\/www.aarenson.hu\/en\/wp-json\/wp\/v2\/posts\/2858","targetHints":{"allow":["GET"]}}],"collection":[{"href":"https:\/\/www.aarenson.hu\/en\/wp-json\/wp\/v2\/posts"}],"about":[{"href":"https:\/\/www.aarenson.hu\/en\/wp-json\/wp\/v2\/types\/post"}],"author":[{"embeddable":true,"href":"https:\/\/www.aarenson.hu\/en\/wp-json\/wp\/v2\/users\/5"}],"replies":[{"embeddable":true,"href":"https:\/\/www.aarenson.hu\/en\/wp-json\/wp\/v2\/comments?post=2858"}],"version-history":[{"count":0,"href":"https:\/\/www.aarenson.hu\/en\/wp-json\/wp\/v2\/posts\/2858\/revisions"}],"wp:featuredmedia":[{"embeddable":true,"href":"https:\/\/www.aarenson.hu\/en\/wp-json\/wp\/v2\/media\/2861"}],"wp:attachment":[{"href":"https:\/\/www.aarenson.hu\/en\/wp-json\/wp\/v2\/media?parent=2858"}],"wp:term":[{"taxonomy":"category","embeddable":true,"href":"https:\/\/www.aarenson.hu\/en\/wp-json\/wp\/v2\/categories?post=2858"},{"taxonomy":"post_tag","embeddable":true,"href":"https:\/\/www.aarenson.hu\/en\/wp-json\/wp\/v2\/tags?post=2858"}],"curies":[{"name":"wp","href":"https:\/\/api.w.org\/{rel}","templated":true}]}}